{"id":75678,"date":"2018-12-07T11:44:24","date_gmt":"2018-12-07T14:44:24","guid":{"rendered":"http:\/\/www.caririemacao.com\/1\/?p=75678"},"modified":"2018-12-07T11:44:24","modified_gmt":"2018-12-07T14:44:24","slug":"cinco-pessoas-descobrem-por-dia-que-tem-cancer-de-pele-na-paraiba","status":"publish","type":"post","link":"https:\/\/www.caririemacao.com\/1\/2018\/12\/07\/cinco-pessoas-descobrem-por-dia-que-tem-cancer-de-pele-na-paraiba\/","title":{"rendered":"Cinco pessoas descobrem por dia que t\u00eam c\u00e2ncer de pele na Para\u00edba"},"content":{"rendered":"<div>Por dia, cerca de cinco pessoas descobrem que t\u00eam c\u00e2ncer de pele na Para\u00edba. Dados do Instituto Nacional de C\u00e2ncer (Inca) revelam que o Estado ter\u00e1 1.700 novos casos da doen\u00e7a este ano, sendo 60 do tipo melanoma e 1.640 n\u00e3o melanoma. O Dezembro Laranja, m\u00eas de alerta para o c\u00e2ncer de pele, chama a aten\u00e7\u00e3o para preven\u00e7\u00e3o e tratamento da doen\u00e7a e mostra que o excesso de sol e a falta de prote\u00e7\u00e3o podem acarretar s\u00e9rios problemas \u00e0 sa\u00fade.<\/div>\n<div><\/div>\n<p>&nbsp;<\/p>\n<div>A preven\u00e7\u00e3o ainda \u00e9 a maior aliada no combate ao c\u00e2ncer de pele, principalmente, em um estado que se tem sol forte quase o ano inteiro. A dermatologista do Hapvida, Marcela Vidal, explica que a preven\u00e7\u00e3o \u00e9 feita, principalmente, pelo uso do protetor solar com no m\u00ednimo fator de prote\u00e7\u00e3o 30. Ele deve ser reaplicado a cada duas horas ou caso haja imers\u00e3o em \u00e1gua, ou seja, se voc\u00ea toma banho de mar ou de piscina voc\u00ea precisa se enxugar e reaplicar o protetor.<\/div>\n<p>&nbsp;<\/p>\n<div><\/div>\n<p>&nbsp;<\/p>\n<div>&#8220;Devemos tamb\u00e9m evitar a exposi\u00e7\u00e3o solar no per\u00edodo de 9 horas a 15 horas, quando temos o maior \u00edndice de radia\u00e7\u00e3o ultravioleta, que s\u00e3o os raios mais prejudiciais no desenvolvimento do c\u00e2ncer de pele&#8221;, explica.<\/div>\n<p>&nbsp;<\/p>\n<div><\/div>\n<p>&nbsp;<\/p>\n<div>Para ir \u00e0 praia, conforme orientou a especialista, o ideal \u00e9 que se aplique uma camada de protetor solar e depois uma segunda camada do produto, distribu\u00edda em todo corpo. Se poss\u00edvel \u00e9 recomendado utilizar tamb\u00e9m barreiras f\u00edsicas que s\u00e3o bem mais eficazes contra os raios ultravioletas, como \u00e9 o caso de roupas com prote\u00e7\u00e3o solar e chap\u00e9u, al\u00e9m de procurar ficar embaixo do guarda-sol.<\/div>\n<p>&nbsp;<\/p>\n<div><\/div>\n<p>&nbsp;<\/p>\n<div>&#8220;Esse tipo de c\u00e2ncer \u00e9 o mais frequente no Brasil e corresponde a 30% de todos os tumores malignos registrados no pa\u00eds. Apesar de constante, ele apresenta altos percentuais de cura, desde que detectado precocemente&#8221;, ressalta.<\/div>\n<p>&nbsp;<\/p>\n<div><\/div>\n<p><strong>Dados nacionais \u2013<\/strong><\/p>\n<div>Em todo o Brasil, segundo estimativas do Inca, ser\u00e3o 165.580 novos casos de c\u00e2ncer de pele, sendo 85.170 homens e 80.410 mulheres. Esses valores correspondem a um risco estimado de 82,53 casos novos a cada 100 mil homens e 75,84 para cada 100 mil mulheres, sendo o tipo de c\u00e2ncer mais incidente em ambos os sexos.<\/div>\n<p class=\"noticia_fonte\">Assessoria<\/p>\n","protected":false},"excerpt":{"rendered":"<p>Por dia, cerca de cinco pessoas descobrem que t\u00eam c\u00e2ncer de pele na Para\u00edba. Dados do Instituto Nacional de C\u00e2ncer (Inca) revelam que o Estado&hellip; <\/p>\n","protected":false},"author":1,"featured_media":29276,"comment_status":"closed","ping_status":"closed","sticky":false,"template":"","format":"standard","meta":{"sfsi_plus_gutenberg_text_before_share":"","sfsi_plus_gutenberg_show_text_before_share":"","sfsi_plus_gutenberg_icon_type":"","sfsi_plus_gutenberg_icon_alignemt":"","sfsi_plus_gutenburg_max_per_row":"","footnotes":""},"categories":[50,16],"tags":[],"class_list":["post-75678","post","type-post","status-publish","format-standard","has-post-thumbnail","hentry","category-destaque","category-saude"],"_links":{"self":[{"href":"https:\/\/www.caririemacao.com\/1\/wp-json\/wp\/v2\/posts\/75678","targetHints":{"allow":["GET"]}}],"collection":[{"href":"https:\/\/www.caririemacao.com\/1\/wp-json\/wp\/v2\/posts"}],"about":[{"href":"https:\/\/www.caririemacao.com\/1\/wp-json\/wp\/v2\/types\/post"}],"author":[{"embeddable":true,"href":"https:\/\/www.caririemacao.com\/1\/wp-json\/wp\/v2\/users\/1"}],"replies":[{"embeddable":true,"href":"https:\/\/www.caririemacao.com\/1\/wp-json\/wp\/v2\/comments?post=75678"}],"version-history":[{"count":1,"href":"https:\/\/www.caririemacao.com\/1\/wp-json\/wp\/v2\/posts\/75678\/revisions"}],"predecessor-version":[{"id":75679,"href":"https:\/\/www.caririemacao.com\/1\/wp-json\/wp\/v2\/posts\/75678\/revisions\/75679"}],"wp:featuredmedia":[{"embeddable":true,"href":"https:\/\/www.caririemacao.com\/1\/wp-json\/wp\/v2\/media\/29276"}],"wp:attachment":[{"href":"https:\/\/www.caririemacao.com\/1\/wp-json\/wp\/v2\/media?parent=75678"}],"wp:term":[{"taxonomy":"category","embeddable":true,"href":"https:\/\/www.caririemacao.com\/1\/wp-json\/wp\/v2\/categories?post=75678"},{"taxonomy":"post_tag","embeddable":true,"href":"https:\/\/www.caririemacao.com\/1\/wp-json\/wp\/v2\/tags?post=75678"}],"curies":[{"name":"wp","href":"https:\/\/api.w.org\/{rel}","templated":true}]}}