{"id":75683,"date":"2018-12-07T11:52:00","date_gmt":"2018-12-07T14:52:00","guid":{"rendered":"http:\/\/www.caririemacao.com\/1\/?p=75683"},"modified":"2018-12-07T11:52:00","modified_gmt":"2018-12-07T14:52:00","slug":"instituto-historico-e-geografico-do-cariri-inaugura-neste-sabado-em-sume-memorial-de-sao-thome-do-sucuru","status":"publish","type":"post","link":"https:\/\/www.caririemacao.com\/1\/2018\/12\/07\/instituto-historico-e-geografico-do-cariri-inaugura-neste-sabado-em-sume-memorial-de-sao-thome-do-sucuru\/","title":{"rendered":"Instituto Hist\u00f3rico e Geogr\u00e1fico do Cariri inaugura neste s\u00e1bado em Sum\u00e9 Memorial de S\u00e3o Thom\u00e9 do Sucur\u00fa"},"content":{"rendered":"<p>O Instituto Hist\u00f3rico e Geogr\u00e1fico do Cariri\u00a0(IHGC), Casa Jos\u00e9 Leal Ramos, comemora neste s\u00e1bado (08\/12), o seu 13\u00b0 anivers\u00e1rio de funda\u00e7\u00e3o.<\/p>\n<p>O evento acontecer\u00e1 na Creche Anita Garibaldi Mendon\u00e7a Raphael e tem a organiza\u00e7\u00e3o do professor Daniel Duarte e apoio da Prefeitura de Sum\u00e9, atrav\u00e9s da Secretaria de Educa\u00e7\u00e3o.<\/p>\n<p>&nbsp;<\/p>\n<p>Na ocasi\u00e3o, haver\u00e1 o lan\u00e7amento de alguns livros de autoria de escritores associados ao Instituto Hist\u00f3rico, assim como a inaugura\u00e7\u00e3o do Memorial de S\u00e3o Thom\u00e9 do Sucur\u00fa, que ficar\u00e1 localizado na Casa do Artes\u00e3o Oscar Ferreira de Freitas e Rita Raphael de Freitas, na Pra\u00e7a Adolfo Mayer.<\/p>\n<p>&nbsp;<\/p>\n<p>Durante o evento, haver\u00e1 exposi\u00e7\u00e3o de artesanato, de livros e de culin\u00e1ria, aberto a quem se interessar. Quem quiser expor deve procurar a Secretaria Municipal de Educa\u00e7\u00e3o.<\/p>\n<p>Confira a programa\u00e7\u00e3o:<\/p>\n<p>&nbsp;<\/p>\n<p>&nbsp;<\/p>\n<p>8:00h &#8211; Recep\u00e7\u00e3o e caf\u00e9 da manh\u00e3;<br \/>\n8:30h &#8211; Composi\u00e7\u00e3o da mesa. Execu\u00e7\u00e3o do Hino Nacional, Hino do Munic\u00edpio e Hino da Padroeira pela Filarm\u00f4nica S\u00e3o Thom\u00e9 regida pelo Maestro\u00a0<a href=\"https:\/\/www.facebook.com\/gedeaofaustino?__tn__=K-R&amp;eid=ARCpeqlG3XJDMwKP1qwi7giCh5v_7gxN3aIioiMNVhjhGRXJmRedpfdE0p_VahHIMvYKgNfwV0-7xw0f&amp;fref=mentions&amp;__xts__%5B0%5D=68.ARCM3jCMm-LPBPE0Hd6OOwxxh30L-PgPLV--r8E0F-mndrMJ63FTHI5Nxax2pophq2onW3x-0BJJlYT8pspOWQRHeGNAQcQEDHXsnIGrylX38QhOXU08F3qLTW5CYoIKigE9krAx77wX-4AbUY8q_Qd93LXTjAVXyj819qJaBDukGYbQabEICNk1zRkH7KDV64A1bn3G1t2sW2E\" data-saferedirecturl=\"https:\/\/www.google.com\/url?q=https:\/\/www.facebook.com\/gedeaofaustino?__tn__%3DK-R%26eid%3DARCpeqlG3XJDMwKP1qwi7giCh5v_7gxN3aIioiMNVhjhGRXJmRedpfdE0p_VahHIMvYKgNfwV0-7xw0f%26fref%3Dmentions%26__xts__%255B0%255D%3D68.ARCM3jCMm-LPBPE0Hd6OOwxxh30L-PgPLV--r8E0F-mndrMJ63FTHI5Nxax2pophq2onW3x-0BJJlYT8pspOWQRHeGNAQcQEDHXsnIGrylX38QhOXU08F3qLTW5CYoIKigE9krAx77wX-4AbUY8q_Qd93LXTjAVXyj819qJaBDukGYbQabEICNk1zRkH7KDV64A1bn3G1t2sW2E&amp;source=gmail&amp;ust=1544280459360000&amp;usg=AFQjCNEoji2Uw0TXrUgg3x5-jcdBIQdZcg\">Gede\u00e3o Faustino Nunes Filho<\/a>;<br \/>\n8:40h &#8211; Mensagem de boas vindas do prefeito \u00a0<a href=\"https:\/\/www.facebook.com\/eden.duarte.7?__tn__=K-R&amp;eid=ARAZYoyEnzjXJQQPpL452tDuRSGud9nfOEkKr4aTE33f7nZba0jh2hVW99QLGkAOAfJVd-TMfF4fqv0P&amp;fref=mentions&amp;__xts__%5B0%5D=68.ARCM3jCMm-LPBPE0Hd6OOwxxh30L-PgPLV--r8E0F-mndrMJ63FTHI5Nxax2pophq2onW3x-0BJJlYT8pspOWQRHeGNAQcQEDHXsnIGrylX38QhOXU08F3qLTW5CYoIKigE9krAx77wX-4AbUY8q_Qd93LXTjAVXyj819qJaBDukGYbQabEICNk1zRkH7KDV64A1bn3G1t2sW2E\" data-saferedirecturl=\"https:\/\/www.google.com\/url?q=https:\/\/www.facebook.com\/eden.duarte.7?__tn__%3DK-R%26eid%3DARAZYoyEnzjXJQQPpL452tDuRSGud9nfOEkKr4aTE33f7nZba0jh2hVW99QLGkAOAfJVd-TMfF4fqv0P%26fref%3Dmentions%26__xts__%255B0%255D%3D68.ARCM3jCMm-LPBPE0Hd6OOwxxh30L-PgPLV--r8E0F-mndrMJ63FTHI5Nxax2pophq2onW3x-0BJJlYT8pspOWQRHeGNAQcQEDHXsnIGrylX38QhOXU08F3qLTW5CYoIKigE9krAx77wX-4AbUY8q_Qd93LXTjAVXyj819qJaBDukGYbQabEICNk1zRkH7KDV64A1bn3G1t2sW2E&amp;source=gmail&amp;ust=1544280459360000&amp;usg=AFQjCNH9C7jqtAvssBPhufN6efHejiFFVg\">\u00c9den Duarte<\/a>;<\/p>\n<p>8:50h &#8211; Mensagem de boas vindas do secret\u00e1rio de Educa\u00e7\u00e3o\u00a0<a href=\"https:\/\/www.facebook.com\/odilon.araujo.5?__tn__=K-R&amp;eid=ARC00JGgiy_pAtTqdDaVF_7A2lId0JshlD4mPtWpTiE0tF6nj0uO5R_WhmHD5QRWCRf3nAZS9GKIvJSi&amp;fref=mentions&amp;__xts__%5B0%5D=68.ARCM3jCMm-LPBPE0Hd6OOwxxh30L-PgPLV--r8E0F-mndrMJ63FTHI5Nxax2pophq2onW3x-0BJJlYT8pspOWQRHeGNAQcQEDHXsnIGrylX38QhOXU08F3qLTW5CYoIKigE9krAx77wX-4AbUY8q_Qd93LXTjAVXyj819qJaBDukGYbQabEICNk1zRkH7KDV64A1bn3G1t2sW2E\" data-saferedirecturl=\"https:\/\/www.google.com\/url?q=https:\/\/www.facebook.com\/odilon.araujo.5?__tn__%3DK-R%26eid%3DARC00JGgiy_pAtTqdDaVF_7A2lId0JshlD4mPtWpTiE0tF6nj0uO5R_WhmHD5QRWCRf3nAZS9GKIvJSi%26fref%3Dmentions%26__xts__%255B0%255D%3D68.ARCM3jCMm-LPBPE0Hd6OOwxxh30L-PgPLV--r8E0F-mndrMJ63FTHI5Nxax2pophq2onW3x-0BJJlYT8pspOWQRHeGNAQcQEDHXsnIGrylX38QhOXU08F3qLTW5CYoIKigE9krAx77wX-4AbUY8q_Qd93LXTjAVXyj819qJaBDukGYbQabEICNk1zRkH7KDV64A1bn3G1t2sW2E&amp;source=gmail&amp;ust=1544280459361000&amp;usg=AFQjCNGtmKzADIAqudjoI76xW9j4CkbXlw\">Odilon Ara\u00fajo<\/a>;<br \/>\n9:00h &#8211; Lan\u00e7amento do Livro-Biografia sobre Belchior \u201cApenas Um Rapaz Latino Americano\u201d , de\u00a0<a href=\"https:\/\/www.facebook.com\/jambo.ruivao?__tn__=K-R&amp;eid=ARBOiH8xXTI75x4IVH2yZzIUlguVH11J8vjhLH-CeGb30XcaYkELqoSoUu1WRrz1XnJE9dFcBCzRRZT2&amp;fref=mentions&amp;__xts__%5B0%5D=68.ARCM3jCMm-LPBPE0Hd6OOwxxh30L-PgPLV--r8E0F-mndrMJ63FTHI5Nxax2pophq2onW3x-0BJJlYT8pspOWQRHeGNAQcQEDHXsnIGrylX38QhOXU08F3qLTW5CYoIKigE9krAx77wX-4AbUY8q_Qd93LXTjAVXyj819qJaBDukGYbQabEICNk1zRkH7KDV64A1bn3G1t2sW2E\" data-saferedirecturl=\"https:\/\/www.google.com\/url?q=https:\/\/www.facebook.com\/jambo.ruivao?__tn__%3DK-R%26eid%3DARBOiH8xXTI75x4IVH2yZzIUlguVH11J8vjhLH-CeGb30XcaYkELqoSoUu1WRrz1XnJE9dFcBCzRRZT2%26fref%3Dmentions%26__xts__%255B0%255D%3D68.ARCM3jCMm-LPBPE0Hd6OOwxxh30L-PgPLV--r8E0F-mndrMJ63FTHI5Nxax2pophq2onW3x-0BJJlYT8pspOWQRHeGNAQcQEDHXsnIGrylX38QhOXU08F3qLTW5CYoIKigE9krAx77wX-4AbUY8q_Qd93LXTjAVXyj819qJaBDukGYbQabEICNk1zRkH7KDV64A1bn3G1t2sW2E&amp;source=gmail&amp;ust=1544280459361000&amp;usg=AFQjCNE3QWNletuWsEnOqX2DiwqqAF48eg\">Jotab\u00ea Medeiros<\/a>;<br \/>\n9:25h \u2013 Lan\u00e7amento do Livro de Poesias \u201cSer T\u00e3o Po\u00e9tico\u201d pelo cons\u00f3cio do IHGC\u00a0<a href=\"https:\/\/www.facebook.com\/mauricelio.silva.731?__tn__=K-R&amp;eid=ARCLj1Ia1P_2nrdBPQ-G889QHCzAmjKtjW-cOI5bfX4gylRKqaGDkGyGLwS2HIgdEZrKYjlnZpy0gSc_&amp;fref=mentions&amp;__xts__%5B0%5D=68.ARCM3jCMm-LPBPE0Hd6OOwxxh30L-PgPLV--r8E0F-mndrMJ63FTHI5Nxax2pophq2onW3x-0BJJlYT8pspOWQRHeGNAQcQEDHXsnIGrylX38QhOXU08F3qLTW5CYoIKigE9krAx77wX-4AbUY8q_Qd93LXTjAVXyj819qJaBDukGYbQabEICNk1zRkH7KDV64A1bn3G1t2sW2E\" data-saferedirecturl=\"https:\/\/www.google.com\/url?q=https:\/\/www.facebook.com\/mauricelio.silva.731?__tn__%3DK-R%26eid%3DARCLj1Ia1P_2nrdBPQ-G889QHCzAmjKtjW-cOI5bfX4gylRKqaGDkGyGLwS2HIgdEZrKYjlnZpy0gSc_%26fref%3Dmentions%26__xts__%255B0%255D%3D68.ARCM3jCMm-LPBPE0Hd6OOwxxh30L-PgPLV--r8E0F-mndrMJ63FTHI5Nxax2pophq2onW3x-0BJJlYT8pspOWQRHeGNAQcQEDHXsnIGrylX38QhOXU08F3qLTW5CYoIKigE9krAx77wX-4AbUY8q_Qd93LXTjAVXyj819qJaBDukGYbQabEICNk1zRkH7KDV64A1bn3G1t2sW2E&amp;source=gmail&amp;ust=1544280459361000&amp;usg=AFQjCNESjZj8tqcDdYGow0QtaNiUleVIdg\">Mauric\u00e9lio Silva<\/a>;<br \/>\n9:35h &#8211; Apresenta\u00e7\u00e3o da Banda de P\u00edfanos de Pio X (Bananeira);<br \/>\n9:55h \u2013 Lan\u00e7amento dos Livros \u201cO Esporismo no Brasil \u2013 A (R)evolu\u00e7\u00e3o que (ainda) n\u00e3o foi feita\u201d e \u201cA Outra Face de Cristo\u201d pelo cons\u00f3cio do IHGC\u00a0<a href=\"https:\/\/www.facebook.com\/antonio.marianosobrinho.1?__tn__=K-R&amp;eid=ARAkLvGLFlOQ6IE143UoVr1Vf3J-nY63T_k4m-1VAJy-_zhcCl4scqMYP1uIKAuuomxsO-BHy8et02el&amp;fref=mentions&amp;__xts__%5B0%5D=68.ARCM3jCMm-LPBPE0Hd6OOwxxh30L-PgPLV--r8E0F-mndrMJ63FTHI5Nxax2pophq2onW3x-0BJJlYT8pspOWQRHeGNAQcQEDHXsnIGrylX38QhOXU08F3qLTW5CYoIKigE9krAx77wX-4AbUY8q_Qd93LXTjAVXyj819qJaBDukGYbQabEICNk1zRkH7KDV64A1bn3G1t2sW2E\" data-saferedirecturl=\"https:\/\/www.google.com\/url?q=https:\/\/www.facebook.com\/antonio.marianosobrinho.1?__tn__%3DK-R%26eid%3DARAkLvGLFlOQ6IE143UoVr1Vf3J-nY63T_k4m-1VAJy-_zhcCl4scqMYP1uIKAuuomxsO-BHy8et02el%26fref%3Dmentions%26__xts__%255B0%255D%3D68.ARCM3jCMm-LPBPE0Hd6OOwxxh30L-PgPLV--r8E0F-mndrMJ63FTHI5Nxax2pophq2onW3x-0BJJlYT8pspOWQRHeGNAQcQEDHXsnIGrylX38QhOXU08F3qLTW5CYoIKigE9krAx77wX-4AbUY8q_Qd93LXTjAVXyj819qJaBDukGYbQabEICNk1zRkH7KDV64A1bn3G1t2sW2E&amp;source=gmail&amp;ust=1544280459361000&amp;usg=AFQjCNEfeLRQ4gkQ9umo45DvqwD6F7Oxow\">Ant\u00f4nio Mariano Sobrinho<\/a>;<br \/>\n10:10h \u2013 Apresenta\u00e7\u00e3o sobre o Jornal Cabe\u00e7a de Rato. 30 Anos de Vida e Poesia pelo cons\u00f3cio do IHGC\u00a0<a href=\"https:\/\/www.facebook.com\/zitonunesdesiqueira.junior?__tn__=K-R&amp;eid=ARDb0Ksnn6baWhKoVOVM6P1SCn5VX9yT5fE9h-b2k1OHRLsGgzNc5e0WBfiCtTCkVkclzd_NYTDMzqse&amp;fref=mentions&amp;__xts__%5B0%5D=68.ARCM3jCMm-LPBPE0Hd6OOwxxh30L-PgPLV--r8E0F-mndrMJ63FTHI5Nxax2pophq2onW3x-0BJJlYT8pspOWQRHeGNAQcQEDHXsnIGrylX38QhOXU08F3qLTW5CYoIKigE9krAx77wX-4AbUY8q_Qd93LXTjAVXyj819qJaBDukGYbQabEICNk1zRkH7KDV64A1bn3G1t2sW2E\" data-saferedirecturl=\"https:\/\/www.google.com\/url?q=https:\/\/www.facebook.com\/zitonunesdesiqueira.junior?__tn__%3DK-R%26eid%3DARDb0Ksnn6baWhKoVOVM6P1SCn5VX9yT5fE9h-b2k1OHRLsGgzNc5e0WBfiCtTCkVkclzd_NYTDMzqse%26fref%3Dmentions%26__xts__%255B0%255D%3D68.ARCM3jCMm-LPBPE0Hd6OOwxxh30L-PgPLV--r8E0F-mndrMJ63FTHI5Nxax2pophq2onW3x-0BJJlYT8pspOWQRHeGNAQcQEDHXsnIGrylX38QhOXU08F3qLTW5CYoIKigE9krAx77wX-4AbUY8q_Qd93LXTjAVXyj819qJaBDukGYbQabEICNk1zRkH7KDV64A1bn3G1t2sW2E&amp;source=gmail&amp;ust=1544280459361000&amp;usg=AFQjCNHVMCwwyU1lmGvNaffmbfzX3yrrFg\">Zito Nunes de Siqueira J\u00fanior<\/a>;<br \/>\n10:20h &#8211; Lan\u00e7amento de Cord\u00e9is de autoria do cons\u00f3cio do IHGC Paulo Guimar\u00e3es (\u00a0<a href=\"https:\/\/www.facebook.com\/profile.php?id=100007722377809&amp;__tn__=K-R&amp;eid=ARDApxwyWZezM5MaraN-sLrKY_orT69BtNAW0AjJyoiSiDbrD-ygw4c7kmoaXHQmvLLKqgKMRGhxuv9T&amp;fref=mentions&amp;__xts__%5B0%5D=68.ARCM3jCMm-LPBPE0Hd6OOwxxh30L-PgPLV--r8E0F-mndrMJ63FTHI5Nxax2pophq2onW3x-0BJJlYT8pspOWQRHeGNAQcQEDHXsnIGrylX38QhOXU08F3qLTW5CYoIKigE9krAx77wX-4AbUY8q_Qd93LXTjAVXyj819qJaBDukGYbQabEICNk1zRkH7KDV64A1bn3G1t2sW2E\" data-saferedirecturl=\"https:\/\/www.google.com\/url?q=https:\/\/www.facebook.com\/profile.php?id%3D100007722377809%26__tn__%3DK-R%26eid%3DARDApxwyWZezM5MaraN-sLrKY_orT69BtNAW0AjJyoiSiDbrD-ygw4c7kmoaXHQmvLLKqgKMRGhxuv9T%26fref%3Dmentions%26__xts__%255B0%255D%3D68.ARCM3jCMm-LPBPE0Hd6OOwxxh30L-PgPLV--r8E0F-mndrMJ63FTHI5Nxax2pophq2onW3x-0BJJlYT8pspOWQRHeGNAQcQEDHXsnIGrylX38QhOXU08F3qLTW5CYoIKigE9krAx77wX-4AbUY8q_Qd93LXTjAVXyj819qJaBDukGYbQabEICNk1zRkH7KDV64A1bn3G1t2sW2E&amp;source=gmail&amp;ust=1544280459361000&amp;usg=AFQjCNGGYDFvbgCx9Q-1Ez64RVjiA017_A\">Paulinho de Cabaceiras<\/a>);<br \/>\n10:30h \u2013 Homenagem \u00e0 Cons\u00f3cia Ruth de Almeida feita pelo cons\u00f3cios do IHGC\u00a0<a href=\"https:\/\/www.facebook.com\/nivaldo.nivaldofilho?__tn__=K-R&amp;eid=ARCzlY9I53XiDezFY7db-qfezNFEBti92t9FdSwuH9uiG1lguyYMiS8vMOvBAoCMY74YCgfrGOHOlJ4t&amp;fref=mentions&amp;__xts__%5B0%5D=68.ARCM3jCMm-LPBPE0Hd6OOwxxh30L-PgPLV--r8E0F-mndrMJ63FTHI5Nxax2pophq2onW3x-0BJJlYT8pspOWQRHeGNAQcQEDHXsnIGrylX38QhOXU08F3qLTW5CYoIKigE9krAx77wX-4AbUY8q_Qd93LXTjAVXyj819qJaBDukGYbQabEICNk1zRkH7KDV64A1bn3G1t2sW2E\" data-saferedirecturl=\"https:\/\/www.google.com\/url?q=https:\/\/www.facebook.com\/nivaldo.nivaldofilho?__tn__%3DK-R%26eid%3DARCzlY9I53XiDezFY7db-qfezNFEBti92t9FdSwuH9uiG1lguyYMiS8vMOvBAoCMY74YCgfrGOHOlJ4t%26fref%3Dmentions%26__xts__%255B0%255D%3D68.ARCM3jCMm-LPBPE0Hd6OOwxxh30L-PgPLV--r8E0F-mndrMJ63FTHI5Nxax2pophq2onW3x-0BJJlYT8pspOWQRHeGNAQcQEDHXsnIGrylX38QhOXU08F3qLTW5CYoIKigE9krAx77wX-4AbUY8q_Qd93LXTjAVXyj819qJaBDukGYbQabEICNk1zRkH7KDV64A1bn3G1t2sW2E&amp;source=gmail&amp;ust=1544280459361000&amp;usg=AFQjCNHd7ghtYiiRNMeMBB7X-ujf1Hex5w\">Nivaldo Filho<\/a>\u00a0e\u00a0Francisco Almeida;<br \/>\n10:45h &#8211; Apresenta\u00e7\u00e3o do projeto Conhecendo o Cariri, do cons\u00f3cio do IHGC\u00a0<a href=\"https:\/\/www.facebook.com\/flavio.farias.315?__tn__=K-R&amp;eid=ARD_D4ZXWUcTQzhErV9cWH-05fQPLNpGioN5WizprmittT1A-YYhRhOIxOdHr5zKNiWQnZpVqXA9vMWc&amp;fref=mentions&amp;__xts__%5B0%5D=68.ARCM3jCMm-LPBPE0Hd6OOwxxh30L-PgPLV--r8E0F-mndrMJ63FTHI5Nxax2pophq2onW3x-0BJJlYT8pspOWQRHeGNAQcQEDHXsnIGrylX38QhOXU08F3qLTW5CYoIKigE9krAx77wX-4AbUY8q_Qd93LXTjAVXyj819qJaBDukGYbQabEICNk1zRkH7KDV64A1bn3G1t2sW2E\" data-saferedirecturl=\"https:\/\/www.google.com\/url?q=https:\/\/www.facebook.com\/flavio.farias.315?__tn__%3DK-R%26eid%3DARD_D4ZXWUcTQzhErV9cWH-05fQPLNpGioN5WizprmittT1A-YYhRhOIxOdHr5zKNiWQnZpVqXA9vMWc%26fref%3Dmentions%26__xts__%255B0%255D%3D68.ARCM3jCMm-LPBPE0Hd6OOwxxh30L-PgPLV--r8E0F-mndrMJ63FTHI5Nxax2pophq2onW3x-0BJJlYT8pspOWQRHeGNAQcQEDHXsnIGrylX38QhOXU08F3qLTW5CYoIKigE9krAx77wX-4AbUY8q_Qd93LXTjAVXyj819qJaBDukGYbQabEICNk1zRkH7KDV64A1bn3G1t2sW2E&amp;source=gmail&amp;ust=1544280459361000&amp;usg=AFQjCNEFa2YEcg_x_S6MIO_TfD4NL78WYg\">Fl\u00e1vio Farias<\/a>;<br \/>\n11:00h \u2013 Apresenta\u00e7\u00e3o das obras do cons\u00f3cio do IHGC\u00a0<a href=\"https:\/\/www.facebook.com\/bruno.gaudencio.1?__tn__=K-R&amp;eid=ARD1jLur27rdL-71WBIOmTlb1hFQpiJCtlWGX58SbHStjm5lwGpA4B5Ocq79omyrXfbNX-HWOQK6sy1-&amp;fref=mentions&amp;__xts__%5B0%5D=68.ARCM3jCMm-LPBPE0Hd6OOwxxh30L-PgPLV--r8E0F-mndrMJ63FTHI5Nxax2pophq2onW3x-0BJJlYT8pspOWQRHeGNAQcQEDHXsnIGrylX38QhOXU08F3qLTW5CYoIKigE9krAx77wX-4AbUY8q_Qd93LXTjAVXyj819qJaBDukGYbQabEICNk1zRkH7KDV64A1bn3G1t2sW2E\" data-saferedirecturl=\"https:\/\/www.google.com\/url?q=https:\/\/www.facebook.com\/bruno.gaudencio.1?__tn__%3DK-R%26eid%3DARD1jLur27rdL-71WBIOmTlb1hFQpiJCtlWGX58SbHStjm5lwGpA4B5Ocq79omyrXfbNX-HWOQK6sy1-%26fref%3Dmentions%26__xts__%255B0%255D%3D68.ARCM3jCMm-LPBPE0Hd6OOwxxh30L-PgPLV--r8E0F-mndrMJ63FTHI5Nxax2pophq2onW3x-0BJJlYT8pspOWQRHeGNAQcQEDHXsnIGrylX38QhOXU08F3qLTW5CYoIKigE9krAx77wX-4AbUY8q_Qd93LXTjAVXyj819qJaBDukGYbQabEICNk1zRkH7KDV64A1bn3G1t2sW2E&amp;source=gmail&amp;ust=1544280459361000&amp;usg=AFQjCNFmrLJyGU9x5n1i3GGL4fxTFaZTOQ\">Bruno Gaud\u00eancio<\/a>;<br \/>\n11:10h \u2013 Entrega dos T\u00edtulos de S\u00f3cios Honor\u00e1rios do IHGC;<br \/>\n11:40h &#8211; Encerramento da solenidade e condu\u00e7\u00e3o dos presentes ao Memorial de S\u00e3o Thom\u00e9 do Sucur\u00fa (Casa de Oscar Ferreira de Freitas e Rita Raphael de Freitas);<br \/>\npela Filarm\u00f4nica S\u00e3o Thom\u00e9;<br \/>\n12:00h \u2013 Aposi\u00e7\u00e3o da Placa e inaugura\u00e7\u00e3o do Memorial e Execu\u00e7\u00e3o de repert\u00f3rio de Z\u00e9 Marcolino pela Filarm\u00f4nica S\u00e3o Thom\u00e9;<\/p>\n<p>&nbsp;<\/p>\n<p><em>Com IHGC<\/em><\/p>\n","protected":false},"excerpt":{"rendered":"<p>O Instituto Hist\u00f3rico e Geogr\u00e1fico do Cariri\u00a0(IHGC), Casa Jos\u00e9 Leal Ramos, comemora neste s\u00e1bado (08\/12), o seu 13\u00b0 anivers\u00e1rio de funda\u00e7\u00e3o. O evento acontecer\u00e1 na&hellip; <\/p>\n","protected":false},"author":1,"featured_media":47456,"comment_status":"closed","ping_status":"closed","sticky":false,"template":"","format":"standard","meta":{"sfsi_plus_gutenberg_text_before_share":"","sfsi_plus_gutenberg_show_text_before_share":"","sfsi_plus_gutenberg_icon_type":"","sfsi_plus_gutenberg_icon_alignemt":"","sfsi_plus_gutenburg_max_per_row":"","footnotes":""},"categories":[6,50],"tags":[],"class_list":["post-75683","post","type-post","status-publish","format-standard","has-post-thumbnail","hentry","category-cidades","category-destaque"],"_links":{"self":[{"href":"https:\/\/www.caririemacao.com\/1\/wp-json\/wp\/v2\/posts\/75683","targetHints":{"allow":["GET"]}}],"collection":[{"href":"https:\/\/www.caririemacao.com\/1\/wp-json\/wp\/v2\/posts"}],"about":[{"href":"https:\/\/www.caririemacao.com\/1\/wp-json\/wp\/v2\/types\/post"}],"author":[{"embeddable":true,"href":"https:\/\/www.caririemacao.com\/1\/wp-json\/wp\/v2\/users\/1"}],"replies":[{"embeddable":true,"href":"https:\/\/www.caririemacao.com\/1\/wp-json\/wp\/v2\/comments?post=75683"}],"version-history":[{"count":1,"href":"https:\/\/www.caririemacao.com\/1\/wp-json\/wp\/v2\/posts\/75683\/revisions"}],"predecessor-version":[{"id":75684,"href":"https:\/\/www.caririemacao.com\/1\/wp-json\/wp\/v2\/posts\/75683\/revisions\/75684"}],"wp:featuredmedia":[{"embeddable":true,"href":"https:\/\/www.caririemacao.com\/1\/wp-json\/wp\/v2\/media\/47456"}],"wp:attachment":[{"href":"https:\/\/www.caririemacao.com\/1\/wp-json\/wp\/v2\/media?parent=75683"}],"wp:term":[{"taxonomy":"category","embeddable":true,"href":"https:\/\/www.caririemacao.com\/1\/wp-json\/wp\/v2\/categories?post=75683"},{"taxonomy":"post_tag","embeddable":true,"href":"https:\/\/www.caririemacao.com\/1\/wp-json\/wp\/v2\/tags?post=75683"}],"curies":[{"name":"wp","href":"https:\/\/api.w.org\/{rel}","templated":true}]}}