{"id":75685,"date":"2018-12-07T12:01:36","date_gmt":"2018-12-07T15:01:36","guid":{"rendered":"http:\/\/www.caririemacao.com\/1\/?p=75685"},"modified":"2018-12-07T12:01:36","modified_gmt":"2018-12-07T15:01:36","slug":"desvio-de-verbas-de-merenda-escolar-e-investigado-na-paraiba","status":"publish","type":"post","link":"https:\/\/www.caririemacao.com\/1\/2018\/12\/07\/desvio-de-verbas-de-merenda-escolar-e-investigado-na-paraiba\/","title":{"rendered":"Desvio de verbas de merenda escolar \u00e9 investigado na Para\u00edba"},"content":{"rendered":"<p>O Minist\u00e9rio P\u00fablico Federal (MPF) abriu um inqu\u00e9rito civil para apurar suposto desvios de verbas p\u00fablicas destinas \u00e0 merenda escolar por parte da Prefeitura de Bayeux e da Cooperativa de Pescadores e Agricultores Agropecu\u00e1rios da Para\u00edba (CoopeapescaPB).A portaria foi publicada na edi\u00e7\u00e3o desta sexta-feira (7) do Di\u00e1rio Oficial do MPF e assinada pelo procurador da Rep\u00fablica Marcos Alexandre Bezerra Wanderley de Queiroga.<\/p>\n<p>A investiga\u00e7\u00e3o tem o prazo de um ano para conclus\u00e3o.<\/p>\n<p>&nbsp;<\/p>\n<p>Blog do Gordinho<\/p>\n","protected":false},"excerpt":{"rendered":"<p>O Minist\u00e9rio P\u00fablico Federal (MPF) abriu um inqu\u00e9rito civil para apurar suposto desvios de verbas p\u00fablicas destinas \u00e0 merenda escolar por parte da Prefeitura de&hellip; <\/p>\n","protected":false},"author":1,"featured_media":75689,"comment_status":"closed","ping_status":"closed","sticky":false,"template":"","format":"standard","meta":{"sfsi_plus_gutenberg_text_before_share":"","sfsi_plus_gutenberg_show_text_before_share":"","sfsi_plus_gutenberg_icon_type":"","sfsi_plus_gutenberg_icon_alignemt":"","sfsi_plus_gutenburg_max_per_row":"","footnotes":""},"categories":[14],"tags":[],"class_list":["post-75685","post","type-post","status-publish","format-standard","has-post-thumbnail","hentry","category-educacao"],"_links":{"self":[{"href":"https:\/\/www.caririemacao.com\/1\/wp-json\/wp\/v2\/posts\/75685","targetHints":{"allow":["GET"]}}],"collection":[{"href":"https:\/\/www.caririemacao.com\/1\/wp-json\/wp\/v2\/posts"}],"about":[{"href":"https:\/\/www.caririemacao.com\/1\/wp-json\/wp\/v2\/types\/post"}],"author":[{"embeddable":true,"href":"https:\/\/www.caririemacao.com\/1\/wp-json\/wp\/v2\/users\/1"}],"replies":[{"embeddable":true,"href":"https:\/\/www.caririemacao.com\/1\/wp-json\/wp\/v2\/comments?post=75685"}],"version-history":[{"count":1,"href":"https:\/\/www.caririemacao.com\/1\/wp-json\/wp\/v2\/posts\/75685\/revisions"}],"predecessor-version":[{"id":75690,"href":"https:\/\/www.caririemacao.com\/1\/wp-json\/wp\/v2\/posts\/75685\/revisions\/75690"}],"wp:featuredmedia":[{"embeddable":true,"href":"https:\/\/www.caririemacao.com\/1\/wp-json\/wp\/v2\/media\/75689"}],"wp:attachment":[{"href":"https:\/\/www.caririemacao.com\/1\/wp-json\/wp\/v2\/media?parent=75685"}],"wp:term":[{"taxonomy":"category","embeddable":true,"href":"https:\/\/www.caririemacao.com\/1\/wp-json\/wp\/v2\/categories?post=75685"},{"taxonomy":"post_tag","embeddable":true,"href":"https:\/\/www.caririemacao.com\/1\/wp-json\/wp\/v2\/tags?post=75685"}],"curies":[{"name":"wp","href":"https:\/\/api.w.org\/{rel}","templated":true}]}}