{"id":75686,"date":"2018-12-07T11:59:00","date_gmt":"2018-12-07T14:59:00","guid":{"rendered":"http:\/\/www.caririemacao.com\/1\/?p=75686"},"modified":"2018-12-07T12:06:52","modified_gmt":"2018-12-07T15:06:52","slug":"maior-emissora-de-radio-do-cariri-paraibano-completa-9-anos","status":"publish","type":"post","link":"https:\/\/www.caririemacao.com\/1\/2018\/12\/07\/maior-emissora-de-radio-do-cariri-paraibano-completa-9-anos\/","title":{"rendered":"Maior emissora de r\u00e1dio do Cariri Paraibano completa 9 anos"},"content":{"rendered":"<p>O sonho do cantor Fl\u00e1vio Jos\u00e9 e da empres\u00e1ria Ladja Bet\u00e2nia se concretizou e completa 9 anos. A Monteiro FM intitulada \u201ca r\u00e1dio que eu sempre quis\u201d, nasceu da necessidade que a regi\u00e3o tinha, em ter uma emissora de r\u00e1dio diferenciada e com a qualidade que os cariririzeiros mereciam.<\/p>\n<p>E para comemorar os seus 9 anos, a emissora preparou mais uma vez uma programa\u00e7\u00e3o especial que vai ao ar nesse s\u00e1bado, dia 8, a partir das 07h. Durante a programa\u00e7\u00e3o especial, haver\u00e1 sorteio de brindes, muita m\u00fasica ao vivo e brincadeiras que v\u00e3o marcar o dia de festa na emissora que completa seus nove anos no domingo, dia 09 de dezembro.<\/p>\n<p>J\u00e1 foram confirmadas presen\u00e7a do cantor Dejinha de Monteiro, Chiquinho de Bel\u00e9m entre outros artistas. A parte cultural, bandeira levantada pela emissora, come\u00e7a \u00e0s 08h e vai ter apresenta\u00e7\u00e3o do radialista de grande audi\u00eancia na emissora \u201cZ\u00e9 Pequeno\u201d e contar\u00e1 com v\u00e1rias atra\u00e7\u00f5es, cantadores, poetas, forrozeiros e muito mais.<\/p>\n<p>A programa\u00e7\u00e3o segue at\u00e9 \u00e0s 16h quando acontece as ben\u00e7\u00e3os \u00e0 emissora com momento de louvor. Ainda haver\u00e1 sorteios de muitos brindes durante a programa\u00e7\u00e3o.<\/p>\n<p>A Monteiro FM \u00e9 lider em audi\u00eancia comprovada em v\u00e1rias pesquisas realizadas e chega a v\u00e1rias cidades de Pernambuco, Para\u00edba e para o mundo pela internet. Inova\u00e7\u00e3o, grandes profissionais e imparcialidade sempre foram marcas da emissora que chega ao seu 9\u00ba anivers\u00e1rio.<\/p>\n","protected":false},"excerpt":{"rendered":"<p>O sonho do cantor Fl\u00e1vio Jos\u00e9 e da empres\u00e1ria Ladja Bet\u00e2nia se concretizou e completa 9 anos. A Monteiro FM intitulada \u201ca r\u00e1dio que eu&hellip; <\/p>\n","protected":false},"author":2,"featured_media":75687,"comment_status":"closed","ping_status":"closed","sticky":false,"template":"","format":"standard","meta":{"sfsi_plus_gutenberg_text_before_share":"","sfsi_plus_gutenberg_show_text_before_share":"","sfsi_plus_gutenberg_icon_type":"","sfsi_plus_gutenberg_icon_alignemt":"","sfsi_plus_gutenburg_max_per_row":"","footnotes":""},"categories":[2],"tags":[],"class_list":["post-75686","post","type-post","status-publish","format-standard","has-post-thumbnail","hentry","category-geral"],"_links":{"self":[{"href":"https:\/\/www.caririemacao.com\/1\/wp-json\/wp\/v2\/posts\/75686","targetHints":{"allow":["GET"]}}],"collection":[{"href":"https:\/\/www.caririemacao.com\/1\/wp-json\/wp\/v2\/posts"}],"about":[{"href":"https:\/\/www.caririemacao.com\/1\/wp-json\/wp\/v2\/types\/post"}],"author":[{"embeddable":true,"href":"https:\/\/www.caririemacao.com\/1\/wp-json\/wp\/v2\/users\/2"}],"replies":[{"embeddable":true,"href":"https:\/\/www.caririemacao.com\/1\/wp-json\/wp\/v2\/comments?post=75686"}],"version-history":[{"count":3,"href":"https:\/\/www.caririemacao.com\/1\/wp-json\/wp\/v2\/posts\/75686\/revisions"}],"predecessor-version":[{"id":75693,"href":"https:\/\/www.caririemacao.com\/1\/wp-json\/wp\/v2\/posts\/75686\/revisions\/75693"}],"wp:featuredmedia":[{"embeddable":true,"href":"https:\/\/www.caririemacao.com\/1\/wp-json\/wp\/v2\/media\/75687"}],"wp:attachment":[{"href":"https:\/\/www.caririemacao.com\/1\/wp-json\/wp\/v2\/media?parent=75686"}],"wp:term":[{"taxonomy":"category","embeddable":true,"href":"https:\/\/www.caririemacao.com\/1\/wp-json\/wp\/v2\/categories?post=75686"},{"taxonomy":"post_tag","embeddable":true,"href":"https:\/\/www.caririemacao.com\/1\/wp-json\/wp\/v2\/tags?post=75686"}],"curies":[{"name":"wp","href":"https:\/\/api.w.org\/{rel}","templated":true}]}}