{"id":75694,"date":"2018-12-07T12:12:58","date_gmt":"2018-12-07T15:12:58","guid":{"rendered":"http:\/\/www.caririemacao.com\/1\/?p=75694"},"modified":"2018-12-07T12:12:58","modified_gmt":"2018-12-07T15:12:58","slug":"mais-de-13-milhao-de-pessoas-no-mundo-morrem-anualmente-no-transito","status":"publish","type":"post","link":"https:\/\/www.caririemacao.com\/1\/2018\/12\/07\/mais-de-13-milhao-de-pessoas-no-mundo-morrem-anualmente-no-transito\/","title":{"rendered":"Mais de 1,3 milh\u00e3o de pessoas no mundo morrem anualmente no tr\u00e2nsito"},"content":{"rendered":"<p>Estudo da Organiza\u00e7\u00e3o Mundial da Sa\u00fade (OMS), divulgado hoje (7), mostra aumento cont\u00ednuo das mortes no tr\u00e2nsito. Pelos dados do relat\u00f3rio, 1,35 milh\u00e3o de pessoas perde a vida todos os anos em decorr\u00eancia de acidentes de tr\u00e2nsito. Os dados mais alarmantes est\u00e3o em pa\u00edses da \u00c1frica. Para especialistas, os governos reduziram os esfor\u00e7os na busca por solu\u00e7\u00e3o para o problema.<\/p>\n<p>O Relat\u00f3rio da Situa\u00e7\u00e3o Global da OMS sobre seguran\u00e7a no tr\u00e2nsito de 2018 destaca que as les\u00f5es causadas pelo tr\u00e2nsito s\u00e3o hoje a principal causa de morte de crian\u00e7as e jovens entre 5 e 29 anos. O documento inclui informa\u00e7\u00f5es sobre o aumento no n\u00famero total de mortes e que as taxas de mortalidade da popula\u00e7\u00e3o mundial se estabilizaram nos \u00faltimos anos.<\/p>\n<p>\u201cEssas mortes s\u00e3o um pre\u00e7o inaceit\u00e1vel a pagar pela mobilidade\u201d, disse o diretor-geral da OMS, Tedros Adhanom Ghebreyesus. \u201cEste relat\u00f3rio \u00e9 um apelo aos governos e parceiros para que tomem medidas muito maiores para executar essas medidas\u201d, acrescentou o especialista.<\/p>\n<p>Os relat\u00f3rios de status global da OMS sobre seguran\u00e7a no tr\u00e2nsito s\u00e3o divulgados a cada dois ou tr\u00eas anos e servem como ferramenta de monitoramento para a D\u00e9cada de A\u00e7\u00e3o para Seguran\u00e7a Vi\u00e1ria 2011-2020.<\/p>\n<p><strong>Mortes<\/strong><\/p>\n<p>Pelo relat\u00f3rio, o risco no tr\u00e2nsito \u00e9 tr\u00eas vezes maior nos pa\u00edses de baixa renda do que nos de alta renda. As taxas s\u00e3o mais elevadas em pa\u00edses da \u00c1frica e mais baixas na Europa. Tr\u00eas regi\u00f5es do mundo relataram um decl\u00ednio nas taxas de mortalidade no tr\u00e2nsito: Am\u00e9ricas, Europa e Pac\u00edfico Ocidental.<\/p>\n<p>Segundo as informa\u00e7\u00f5es, os pedestres e ciclistas s\u00e3o respons\u00e1veis \u200b\u200bpor 26% de todas as mortes no tr\u00e2nsito, enquanto os motociclistas e passageiros \u200b\u200bpor 28%. De acordo com o relat\u00f3rio, apenas 40 pa\u00edses, representando 1 bilh\u00e3o de pessoas, implementaram pelo menos sete ou todos os oito padr\u00f5es de seguran\u00e7a de ve\u00edculos das Na\u00e7\u00f5es Unidas.<\/p>\n<p><strong>Investimentos<\/strong><\/p>\n<p>Para o fundador e CEO da Bloomberg Philanthropies e embaixador global da OMS, Michael R Bloomberg, \u00e9 preciso investir mais na educa\u00e7\u00e3o no tr\u00e2nsito, na preven\u00e7\u00e3o e aten\u00e7\u00e3o \u00e0 seguran\u00e7a nas estradas e pistas. Segundo ele, \u00e9 necess\u00e1rio adotar \u201cpol\u00edticas fortes\u201d e fiscaliza\u00e7\u00e3o, repensar as estradas para que se tornem inteligentes e adotar campanhas de conscientiza\u00e7\u00e3o.<\/p>\n<p>\u201cA seguran\u00e7a no tr\u00e2nsito \u00e9 uma quest\u00e3o que n\u00e3o recebe nem perto da aten\u00e7\u00e3o que merece. [E] \u00e9 realmente uma das nossas grandes oportunidades para salvar vidas em todo o mundo\u201d, ressaltou.<\/p>\n<p><strong>Avan\u00e7os<\/strong><\/p>\n<p>De acordo com o estudo, apesar do alerta, houve progressos, pois a legisla\u00e7\u00e3o de forma geral foi aperfei\u00e7oada, visando \u00e0 redu\u00e7\u00e3o de riscos, o excesso de velocidade e vetos \u00e0 ingest\u00e3o de bebida alco\u00f3lica antes da dire\u00e7\u00e3o. Tamb\u00e9m h\u00e1 men\u00e7\u00e3o \u00e0 obrigatoriedade ao uso de cintos de seguran\u00e7a e capacetes.<\/p>\n<p>H\u00e1 ainda cita\u00e7\u00f5es sobre a preocupa\u00e7\u00e3o com cuidados relativos \u00e0s crian\u00e7as, a ado\u00e7\u00e3o de infraestrutura mais segura, como cal\u00e7adas e pistas exclusivas para ciclistas e motociclistas, melhores padr\u00f5es de ve\u00edculos, como os que exigem controle eletr\u00f4nico de estabilidade e frenagem avan\u00e7ada e aprimoramento dos cuidados p\u00f3s-colis\u00e3o.<\/p>\n<p>O relat\u00f3rio mostra que essas medidas contribu\u00edram para a redu\u00e7\u00e3o das mortes no tr\u00e2nsito em 48 pa\u00edses de renda m\u00e9dia e alta. O documento informa que n\u00e3o h\u00e1 dados sobre redu\u00e7\u00e3o no total de mortes nos pa\u00edses de baixa renda.<\/p>\n<p>&nbsp;<\/p>\n<p>Ag\u00eancia Brasil<\/p>\n","protected":false},"excerpt":{"rendered":"<p>Estudo da Organiza\u00e7\u00e3o Mundial da Sa\u00fade (OMS), divulgado hoje (7), mostra aumento cont\u00ednuo das mortes no tr\u00e2nsito. Pelos dados do relat\u00f3rio, 1,35 milh\u00e3o de pessoas&hellip; <\/p>\n","protected":false},"author":1,"featured_media":75698,"comment_status":"closed","ping_status":"closed","sticky":false,"template":"","format":"standard","meta":{"sfsi_plus_gutenberg_text_before_share":"","sfsi_plus_gutenberg_show_text_before_share":"","sfsi_plus_gutenberg_icon_type":"","sfsi_plus_gutenberg_icon_alignemt":"","sfsi_plus_gutenburg_max_per_row":"","footnotes":""},"categories":[2],"tags":[],"class_list":["post-75694","post","type-post","status-publish","format-standard","has-post-thumbnail","hentry","category-geral"],"_links":{"self":[{"href":"https:\/\/www.caririemacao.com\/1\/wp-json\/wp\/v2\/posts\/75694","targetHints":{"allow":["GET"]}}],"collection":[{"href":"https:\/\/www.caririemacao.com\/1\/wp-json\/wp\/v2\/posts"}],"about":[{"href":"https:\/\/www.caririemacao.com\/1\/wp-json\/wp\/v2\/types\/post"}],"author":[{"embeddable":true,"href":"https:\/\/www.caririemacao.com\/1\/wp-json\/wp\/v2\/users\/1"}],"replies":[{"embeddable":true,"href":"https:\/\/www.caririemacao.com\/1\/wp-json\/wp\/v2\/comments?post=75694"}],"version-history":[{"count":1,"href":"https:\/\/www.caririemacao.com\/1\/wp-json\/wp\/v2\/posts\/75694\/revisions"}],"predecessor-version":[{"id":75699,"href":"https:\/\/www.caririemacao.com\/1\/wp-json\/wp\/v2\/posts\/75694\/revisions\/75699"}],"wp:featuredmedia":[{"embeddable":true,"href":"https:\/\/www.caririemacao.com\/1\/wp-json\/wp\/v2\/media\/75698"}],"wp:attachment":[{"href":"https:\/\/www.caririemacao.com\/1\/wp-json\/wp\/v2\/media?parent=75694"}],"wp:term":[{"taxonomy":"category","embeddable":true,"href":"https:\/\/www.caririemacao.com\/1\/wp-json\/wp\/v2\/categories?post=75694"},{"taxonomy":"post_tag","embeddable":true,"href":"https:\/\/www.caririemacao.com\/1\/wp-json\/wp\/v2\/tags?post=75694"}],"curies":[{"name":"wp","href":"https:\/\/api.w.org\/{rel}","templated":true}]}}