{"id":75695,"date":"2018-12-07T12:11:38","date_gmt":"2018-12-07T15:11:38","guid":{"rendered":"http:\/\/www.caririemacao.com\/1\/?p=75695"},"modified":"2018-12-07T12:11:38","modified_gmt":"2018-12-07T15:11:38","slug":"prefeitura-de-amparo-ofereceu-exames-oftalmologicos-gratuitos-para-toda-a-populacao","status":"publish","type":"post","link":"https:\/\/www.caririemacao.com\/1\/2018\/12\/07\/prefeitura-de-amparo-ofereceu-exames-oftalmologicos-gratuitos-para-toda-a-populacao\/","title":{"rendered":"Prefeitura de Amparo ofereceu Exames Oftalmol\u00f3gicos Gratuitos para toda a popula\u00e7\u00e3o"},"content":{"rendered":"<p>Prefeitura Municipal de Amparo, atrav\u00e9s da Secretaria de Sa\u00fade em parceria com a ONG Olhar Pelo Pr\u00f3ximo ofereceu gratuitamente exames de vista e consultas oftalmol\u00f3gicas para toda a popula\u00e7\u00e3o Amparense. O servi\u00e7o que \u00e9 totalmente gratuito tem em vista a promo\u00e7\u00e3o da sa\u00fade e o objetivo de atender a demanda de oftalmologia da nossa popula\u00e7\u00e3o.<br \/>\nA triagem foi realizada entre os dias 28 de Novembro e 1 de Dezembro e os exames aconteceram na manh\u00e3 desta quinta-feira (06) na Unidade B\u00e1sica de Sa\u00fade de Amparo.<br \/>\nA Secret\u00e1ria de Sa\u00fade do Munic\u00edpio Ver\u00f4nica Rafael esteve acompanhando todo o atendimento, segundo ela, esses exames gratuitos s\u00e3o de grande import\u00e2ncia e serventia para a popula\u00e7\u00e3o, pois sabemos que existem fam\u00edlias carentes em nosso munic\u00edpio que n\u00e3o tem condi\u00e7\u00f5es de pagar um exame oftalmol\u00f3gico, e com essa parceria da Prefeitura com a ONG todos os Amparenses podem realizar o exame, al\u00e9m de que a ONG tem parceria com uma \u00f3tica que oferecer\u00e1 lentes abaixo do pre\u00e7o do mercado e arma\u00e7\u00e3o gratuita.<\/p>\n<p>Amparo Ligado<\/p>\n","protected":false},"excerpt":{"rendered":"<p>Prefeitura Municipal de Amparo, atrav\u00e9s da Secretaria de Sa\u00fade em parceria com a ONG Olhar Pelo Pr\u00f3ximo ofereceu gratuitamente exames de vista e consultas oftalmol\u00f3gicas&hellip; <\/p>\n","protected":false},"author":1,"featured_media":75696,"comment_status":"closed","ping_status":"closed","sticky":false,"template":"","format":"standard","meta":{"sfsi_plus_gutenberg_text_before_share":"","sfsi_plus_gutenberg_show_text_before_share":"","sfsi_plus_gutenberg_icon_type":"","sfsi_plus_gutenberg_icon_alignemt":"","sfsi_plus_gutenburg_max_per_row":"","footnotes":""},"categories":[16],"tags":[],"class_list":["post-75695","post","type-post","status-publish","format-standard","has-post-thumbnail","hentry","category-saude"],"_links":{"self":[{"href":"https:\/\/www.caririemacao.com\/1\/wp-json\/wp\/v2\/posts\/75695","targetHints":{"allow":["GET"]}}],"collection":[{"href":"https:\/\/www.caririemacao.com\/1\/wp-json\/wp\/v2\/posts"}],"about":[{"href":"https:\/\/www.caririemacao.com\/1\/wp-json\/wp\/v2\/types\/post"}],"author":[{"embeddable":true,"href":"https:\/\/www.caririemacao.com\/1\/wp-json\/wp\/v2\/users\/1"}],"replies":[{"embeddable":true,"href":"https:\/\/www.caririemacao.com\/1\/wp-json\/wp\/v2\/comments?post=75695"}],"version-history":[{"count":1,"href":"https:\/\/www.caririemacao.com\/1\/wp-json\/wp\/v2\/posts\/75695\/revisions"}],"predecessor-version":[{"id":75697,"href":"https:\/\/www.caririemacao.com\/1\/wp-json\/wp\/v2\/posts\/75695\/revisions\/75697"}],"wp:featuredmedia":[{"embeddable":true,"href":"https:\/\/www.caririemacao.com\/1\/wp-json\/wp\/v2\/media\/75696"}],"wp:attachment":[{"href":"https:\/\/www.caririemacao.com\/1\/wp-json\/wp\/v2\/media?parent=75695"}],"wp:term":[{"taxonomy":"category","embeddable":true,"href":"https:\/\/www.caririemacao.com\/1\/wp-json\/wp\/v2\/categories?post=75695"},{"taxonomy":"post_tag","embeddable":true,"href":"https:\/\/www.caririemacao.com\/1\/wp-json\/wp\/v2\/tags?post=75695"}],"curies":[{"name":"wp","href":"https:\/\/api.w.org\/{rel}","templated":true}]}}