{"id":75702,"date":"2018-12-07T12:16:03","date_gmt":"2018-12-07T15:16:03","guid":{"rendered":"http:\/\/www.caririemacao.com\/1\/?p=75702"},"modified":"2018-12-07T12:16:03","modified_gmt":"2018-12-07T15:16:03","slug":"ministerio-da-educacao-libera-r-375-milhoes-para-instituicoes-federais","status":"publish","type":"post","link":"https:\/\/www.caririemacao.com\/1\/2018\/12\/07\/ministerio-da-educacao-libera-r-375-milhoes-para-instituicoes-federais\/","title":{"rendered":"Minist\u00e9rio da Educa\u00e7\u00e3o libera R$ 375 milh\u00f5es para institui\u00e7\u00f5es federais"},"content":{"rendered":"<p>O Minist\u00e9rio da Educa\u00e7\u00e3o liberou, na ter\u00e7a-feira (04), R$ 375,54 milh\u00f5es para as institui\u00e7\u00f5es federais de ensino vinculadas \u00e0 pasta. Os recursos ser\u00e3o aplicados na manuten\u00e7\u00e3o, custeio e pagamento de assist\u00eancia estudantil, entre outros.\u201c\u00c9 muito importante garantir os repasses necess\u00e1rios para que as institui\u00e7\u00f5es federais tenham autonomia para realizar a\u00e7\u00f5es que permitam a continuidade do ensino, assim como a perman\u00eancia de muitos estudantes que dependem desses valores para concluir seus estudos\u201d, frisou o ministro Rossieli Soares.<\/p>\n<p>A maior parte dos valores, R$ 260,53 milh\u00f5es, foi repassada \u00e0s universidades federais, incluindo repasses para hospitais universit\u00e1rios. J\u00e1 a Rede Federal de Educa\u00e7\u00e3o Profissional, Cient\u00edfica e Tecnol\u00f3gica recebeu R$ 114,34 milh\u00f5es. O restante, R$ 664,4 mil, foi repassado ao Instituto Benjamin Constant (IBC) e \u00e0 Funda\u00e7\u00e3o Joaquim Nabuco (Fundaj).<\/p>\n<p>Este ano, o MEC repassou cerca de R$ 7,1 bilh\u00f5es para as institui\u00e7\u00f5es federais vinculadas \u00e0 pasta, incluindo o que foi destinado ao pagamento de despesas das universidades e institutos federais, do Instituto Nacional de Surdos, do Instituto Benjamin Constant e da Funda\u00e7\u00e3o Joaquim Nabuco.<\/p>\n<p>Com o repasse desta semana, o MEC mant\u00e9m em 100% a libera\u00e7\u00e3o de financeiro das despesas liquidadas de obras, equipamentos, servi\u00e7os e outras despesas de funcionamento. Em outubro, o MEC j\u00e1 havia liberado 100% da dota\u00e7\u00e3o or\u00e7ament\u00e1ria para empenho.<\/p>\n","protected":false},"excerpt":{"rendered":"<p>O Minist\u00e9rio da Educa\u00e7\u00e3o liberou, na ter\u00e7a-feira (04), R$ 375,54 milh\u00f5es para as institui\u00e7\u00f5es federais de ensino vinculadas \u00e0 pasta. Os recursos ser\u00e3o aplicados na&hellip; <\/p>\n","protected":false},"author":1,"featured_media":51289,"comment_status":"closed","ping_status":"closed","sticky":false,"template":"","format":"standard","meta":{"sfsi_plus_gutenberg_text_before_share":"","sfsi_plus_gutenberg_show_text_before_share":"","sfsi_plus_gutenberg_icon_type":"","sfsi_plus_gutenberg_icon_alignemt":"","sfsi_plus_gutenburg_max_per_row":"","footnotes":""},"categories":[14],"tags":[],"class_list":["post-75702","post","type-post","status-publish","format-standard","has-post-thumbnail","hentry","category-educacao"],"_links":{"self":[{"href":"https:\/\/www.caririemacao.com\/1\/wp-json\/wp\/v2\/posts\/75702","targetHints":{"allow":["GET"]}}],"collection":[{"href":"https:\/\/www.caririemacao.com\/1\/wp-json\/wp\/v2\/posts"}],"about":[{"href":"https:\/\/www.caririemacao.com\/1\/wp-json\/wp\/v2\/types\/post"}],"author":[{"embeddable":true,"href":"https:\/\/www.caririemacao.com\/1\/wp-json\/wp\/v2\/users\/1"}],"replies":[{"embeddable":true,"href":"https:\/\/www.caririemacao.com\/1\/wp-json\/wp\/v2\/comments?post=75702"}],"version-history":[{"count":1,"href":"https:\/\/www.caririemacao.com\/1\/wp-json\/wp\/v2\/posts\/75702\/revisions"}],"predecessor-version":[{"id":75703,"href":"https:\/\/www.caririemacao.com\/1\/wp-json\/wp\/v2\/posts\/75702\/revisions\/75703"}],"wp:featuredmedia":[{"embeddable":true,"href":"https:\/\/www.caririemacao.com\/1\/wp-json\/wp\/v2\/media\/51289"}],"wp:attachment":[{"href":"https:\/\/www.caririemacao.com\/1\/wp-json\/wp\/v2\/media?parent=75702"}],"wp:term":[{"taxonomy":"category","embeddable":true,"href":"https:\/\/www.caririemacao.com\/1\/wp-json\/wp\/v2\/categories?post=75702"},{"taxonomy":"post_tag","embeddable":true,"href":"https:\/\/www.caririemacao.com\/1\/wp-json\/wp\/v2\/tags?post=75702"}],"curies":[{"name":"wp","href":"https:\/\/api.w.org\/{rel}","templated":true}]}}