{"id":75704,"date":"2018-12-07T12:18:34","date_gmt":"2018-12-07T15:18:34","guid":{"rendered":"http:\/\/www.caririemacao.com\/1\/?p=75704"},"modified":"2018-12-07T12:18:34","modified_gmt":"2018-12-07T15:18:34","slug":"nos-queremos-brasil-sem-aborto-diz-futura-ministra-de-mulher-e-direitos-humanos","status":"publish","type":"post","link":"https:\/\/www.caririemacao.com\/1\/2018\/12\/07\/nos-queremos-brasil-sem-aborto-diz-futura-ministra-de-mulher-e-direitos-humanos\/","title":{"rendered":"\u201cN\u00f3s queremos Brasil sem aborto\u201d, diz futura ministra de Mulher e Direitos Humanos"},"content":{"rendered":"<p>Indicada para o comando do Minist\u00e9rio de Mulher, Fam\u00edlia e Direitos Humanos do governo Jair Bolsonaro, a pastora evang\u00e9lica e advogada Damares Alves afirmou nesta quinta-feira (6) que deseja \u201cum Brasil sem aborto\u201d por meio de pol\u00edticas que tratem de planejamento familiar.<\/p>\n<p>Assessora parlamentar do senador Magno Malta (PR-ES), a futura respons\u00e1vel pelas pol\u00edticas p\u00fablicas federais para mulheres disse que, na vis\u00e3o dela, o aborto \u201cn\u00e3o desengravida nenhuma mulher\u201d. Ela foi\u00a0indicada oficialmente para o primeiro escal\u00e3o\u00a0do pr\u00f3ximo governo em uma entrevista coletiva concedida na tarde desta quinta pelo futuro ministro-chefe da Casa Civil, Onyx Lorenzoni.<\/p>\n<p>\u201cEu sou contra o aborto. Eu acho que nenhuma mulher quer abortar, as mulheres chegam at\u00e9 o aborto porque possivelmente n\u00e3o foi lhe dada uma outra op\u00e7\u00e3o\u201d, declarou a futura ministra.<\/p>\n<p>\u201cO aborto n\u00e3o desengravida nenhuma mulher. A mulher caminha o resto da vida com o aborto. Se a gravidez \u00e9 um problema que dura s\u00f3 nove meses, eu digo para voc\u00eas que o aborto \u00e9 um problema que caminha a vida inteira com a mulher\u201d, acrescentou.<\/p>\n<p>Segundo ela, a nova pasta das Mulheres ir\u00e1 lidar com a \u201cprote\u00e7\u00e3o de vidas\u201d, em vez de \u201cmortes\u201d.<\/p>\n<p>\u201cN\u00f3s queremos Brasil sem aborto. De que forma? Um Brasil que priorize pol\u00edticas p\u00fabicas de planejamento familiar, que o aborto nunca seja considerado, e visto nessa na\u00e7\u00e3o, como um m\u00e9todo anticonceptivo.\u201d<\/p>\n<p>Damares Alves defendeu que a legisla\u00e7\u00e3o atual, que permite o aborto em condi\u00e7\u00f5es espec\u00edficas, n\u00e3o deve ser alterada.<\/p>\n<p>\u201cQuando \u00e9 oferecido para a mulher uma outra op\u00e7\u00e3o, a mulher pensa duas vezes. [\u2026] D\u00e1 para a gente trabalhar apenas essas situa\u00e7\u00f5es e a gente lutar para salvar as duas vidas, a da mulher e a do beb\u00ea\u201d, observou.<\/p>\n<p>Atualmente, a legisla\u00e7\u00e3o permite o aborto em tr\u00eas situa\u00e7\u00f5es:<\/p>\n<ul>\n<li>quando a gravidez \u00e9 resultado de estupro<\/li>\n<li>quando h\u00e1 risco de vida para a mulher<\/li>\n<li>se o feto for anenc\u00e9falo<\/li>\n<\/ul>\n<p><strong>Viol\u00eancia contra LGBTs<\/strong><\/p>\n<p>Damares Alves afirmou aos jornalistas nesta tarde que, na opini\u00e3o dela, a discuss\u00e3o sobre a pauta LGBT (L\u00e9sbicas, Gays, Bissexuais, Travestis, Transexuais e Transg\u00eaneros) \u00e9 \u201cdelicada\u201d. Segundo ela, no Brasil foi criada uma \u201cfalsa guerra entre crist\u00e3os e LGBT\u201d.<\/p>\n<p>Essa guerra n\u00e3o existe e vamos mostrar que essa guerra n\u00e3o existe\u201d, declarou a futura ministra dos Direitos Humanos.<\/p>\n<p>Ela tamb\u00e9m assegurou que a pasta far\u00e1 \u201cseriamente o enfrentamento\u201d \u00e0 viol\u00eancia contra a comunidade LGBT.<\/p>\n<p>\u201cQue fique bem claro: se precisar, estarei nas ruas com as travestis. Se precisar, estarei na porta das escolas com as crian\u00e7as que s\u00e3o discriminadas por sua orienta\u00e7\u00e3o sexual. A viol\u00eancia contra qualquer pessoa, por qualquer motiva\u00e7\u00e3o, vai ser prioridade deste governo\u201d, prometeu.<\/p>\n<p>&nbsp;<\/p>\n<p>Ag\u00eancia Brasil<\/p>\n","protected":false},"excerpt":{"rendered":"<p>Indicada para o comando do Minist\u00e9rio de Mulher, Fam\u00edlia e Direitos Humanos do governo Jair Bolsonaro, a pastora evang\u00e9lica e advogada Damares Alves afirmou nesta&hellip; <\/p>\n","protected":false},"author":1,"featured_media":75705,"comment_status":"closed","ping_status":"closed","sticky":false,"template":"","format":"standard","meta":{"sfsi_plus_gutenberg_text_before_share":"","sfsi_plus_gutenberg_show_text_before_share":"","sfsi_plus_gutenberg_icon_type":"","sfsi_plus_gutenberg_icon_alignemt":"","sfsi_plus_gutenburg_max_per_row":"","footnotes":""},"categories":[11],"tags":[],"class_list":["post-75704","post","type-post","status-publish","format-standard","has-post-thumbnail","hentry","category-politica"],"_links":{"self":[{"href":"https:\/\/www.caririemacao.com\/1\/wp-json\/wp\/v2\/posts\/75704","targetHints":{"allow":["GET"]}}],"collection":[{"href":"https:\/\/www.caririemacao.com\/1\/wp-json\/wp\/v2\/posts"}],"about":[{"href":"https:\/\/www.caririemacao.com\/1\/wp-json\/wp\/v2\/types\/post"}],"author":[{"embeddable":true,"href":"https:\/\/www.caririemacao.com\/1\/wp-json\/wp\/v2\/users\/1"}],"replies":[{"embeddable":true,"href":"https:\/\/www.caririemacao.com\/1\/wp-json\/wp\/v2\/comments?post=75704"}],"version-history":[{"count":1,"href":"https:\/\/www.caririemacao.com\/1\/wp-json\/wp\/v2\/posts\/75704\/revisions"}],"predecessor-version":[{"id":75706,"href":"https:\/\/www.caririemacao.com\/1\/wp-json\/wp\/v2\/posts\/75704\/revisions\/75706"}],"wp:featuredmedia":[{"embeddable":true,"href":"https:\/\/www.caririemacao.com\/1\/wp-json\/wp\/v2\/media\/75705"}],"wp:attachment":[{"href":"https:\/\/www.caririemacao.com\/1\/wp-json\/wp\/v2\/media?parent=75704"}],"wp:term":[{"taxonomy":"category","embeddable":true,"href":"https:\/\/www.caririemacao.com\/1\/wp-json\/wp\/v2\/categories?post=75704"},{"taxonomy":"post_tag","embeddable":true,"href":"https:\/\/www.caririemacao.com\/1\/wp-json\/wp\/v2\/tags?post=75704"}],"curies":[{"name":"wp","href":"https:\/\/api.w.org\/{rel}","templated":true}]}}