{"id":75709,"date":"2018-12-07T12:22:09","date_gmt":"2018-12-07T15:22:09","guid":{"rendered":"http:\/\/www.caririemacao.com\/1\/?p=75709"},"modified":"2018-12-07T12:22:09","modified_gmt":"2018-12-07T15:22:09","slug":"violencia-em-sala-de-aula-menina-de-9-anos-confessa-mochiladas-em-colega-morta-apos-briga-em-escola","status":"publish","type":"post","link":"https:\/\/www.caririemacao.com\/1\/2018\/12\/07\/violencia-em-sala-de-aula-menina-de-9-anos-confessa-mochiladas-em-colega-morta-apos-briga-em-escola\/","title":{"rendered":"VIOL\u00caNCIA EM SALA DE AULA: Menina de 9 anos confessa \u2018mochiladas\u2019 em colega morta ap\u00f3s briga em escola"},"content":{"rendered":"<p>Dois golpes com uma mochila cheia de livros. Segundo a pol\u00edcia, este foi o movimento\u00a0feito por uma menina de 9 anos, contra a colega Gabriele Ximenes, de 10 anos, minutos ap\u00f3s brigarem e uma ofender a m\u00e3e da outra.\u00a0O caso ocorreu h\u00e1 8 dias e a v\u00edtima morreu nessa quinta-feira (6),\u00a0em Campo Grande. Duas adolescentes de 14 anos teriam incitado v\u00edtima a se defender.<\/p>\n<p>\u201cA menina de 9 anos e as adolescentes passaram a tarde na delegacia e foram ouvidas como testemunhas. A mais nova confirma que s\u00f3 ela agrediu com a mochila, sendo que as outras chegaram depois \u00e9 s\u00f3 perguntavam se a v\u00edtima n\u00e3o ia se defender\u201d, afirmou ao\u00a0G1\u00a0a delegada Fernanda F\u00e9lix, respons\u00e1vel pelas investiga\u00e7\u00f5es.<\/p>\n<p>No teor do depoimento, consta que as adolescentes informaram que \u201cn\u00e3o encostaram um dedo sequer\u201d na v\u00edtima e tamb\u00e9m n\u00e3o a conheciam anteriormente. \u201cElas dizem que nada fizeram, enquanto que a menina de 9 anos falou que as duas come\u00e7aram a xingar a m\u00e3e da outra\u201d, explicou F\u00e9lix.<\/p>\n<p>Durante esta semana, ainda de acordo com a delegada, a menina foi todos os dias na escola, com exce\u00e7\u00e3o dessa quinta (6). \u201cA fam\u00edlia n\u00e3o havia registrado ocorr\u00eancia e a informa\u00e7\u00e3o que temos \u00e9 que ela n\u00e3o tinha nenhuma les\u00e3o aparente. Ela passou por unidades de sa\u00fade e hoje \u00e9 que o m\u00e9dico da Santa Casa optou por fazer uma cirurgia\u201d, comentou.<\/p>\n<p>O procedimento foi realizado no lado direito do quadril da menina, em raz\u00e3o do diagn\u00f3stico de uma artrite s\u00e9ptica.<\/p>\n<p>\u201cEla sofreu quatro paradas card\u00edacas e tamb\u00e9m foi identificada uma infec\u00e7\u00e3o generalizada, hoje pela manh\u00e3. Eu acompanhei a necr\u00f3psia e a crian\u00e7a sofreu tromboembolismo pulmonar\u201d, disse a delegada.<\/p>\n<p>Nesta semana, a pol\u00edcia tamb\u00e9m pretende ouvir funcion\u00e1rios da escola onde a menina estudava e tamb\u00e9m pedir\u00e1 informa\u00e7\u00f5es oficiais para unidades de sa\u00fade da cidade.<\/p>\n<p>\u201cPretendo questionar o diretor se a menina passou mal algumas vezes na escola, em situa\u00e7\u00f5es anteriores, inclusive chamando o Samu [Servi\u00e7o de Atendimento M\u00e9dico de Urg\u00eancia] e encaminhando, possivelmente, ela para alguma unidade de sa\u00fade\u201d, argumentou F\u00e9lix.<\/p>\n<p>O caso foi registrado como morte a esclarecer, na Delegacia Especializada de Atendimento \u00e0 Inf\u00e2ncia e Juventude (Deaij). A delegada explica que n\u00e3o foi imputado as tr\u00eas envolvidas nenhum ato infracional por conta da idade delas, o que n\u00e3o \u00e9 penalmente n\u00e3o \u00e9 poss\u00edvel. Nem aos pais.<br \/>\nO caso<\/p>\n<p>Gabrielly Ximenes, de 10 anos, foi agredida na sa\u00edda da escola no dia 29 de novembro. A discuss\u00e3o teria come\u00e7ado em sala de aula. A crian\u00e7a chegou a citar o nome desta colega para o pai.<\/p>\n<p>Ap\u00f3s alguns minutos, segundo a pol\u00edcia, a menina teria chamado outras 2 garotas, de 14 anos, que tamb\u00e9m bateram na crian\u00e7a. O fato aconteceu a cerca de 100 metros do port\u00e3o da escola estadual onde as meninas estudam.<\/p>\n<p>Gabrielly foi levada para a Santa Casa pelo Samu, ficou em observa\u00e7\u00e3o por 1 dia, e foi liberada. No dia 4 de novembro, ela disse para a fam\u00edlia que sentia muitas dores, foi levada para unidades de sa\u00fade, dia 5 voltou para o hospital, passou por cirurgia e morreu.<\/p>\n<p>&nbsp;<\/p>\n<p>G1<\/p>\n","protected":false},"excerpt":{"rendered":"<p>Dois golpes com uma mochila cheia de livros. Segundo a pol\u00edcia, este foi o movimento\u00a0feito por uma menina de 9 anos, contra a colega Gabriele&hellip; <\/p>\n","protected":false},"author":1,"featured_media":75710,"comment_status":"closed","ping_status":"closed","sticky":false,"template":"","format":"standard","meta":{"sfsi_plus_gutenberg_text_before_share":"","sfsi_plus_gutenberg_show_text_before_share":"","sfsi_plus_gutenberg_icon_type":"","sfsi_plus_gutenberg_icon_alignemt":"","sfsi_plus_gutenburg_max_per_row":"","footnotes":""},"categories":[12],"tags":[],"class_list":["post-75709","post","type-post","status-publish","format-standard","has-post-thumbnail","hentry","category-policia"],"_links":{"self":[{"href":"https:\/\/www.caririemacao.com\/1\/wp-json\/wp\/v2\/posts\/75709","targetHints":{"allow":["GET"]}}],"collection":[{"href":"https:\/\/www.caririemacao.com\/1\/wp-json\/wp\/v2\/posts"}],"about":[{"href":"https:\/\/www.caririemacao.com\/1\/wp-json\/wp\/v2\/types\/post"}],"author":[{"embeddable":true,"href":"https:\/\/www.caririemacao.com\/1\/wp-json\/wp\/v2\/users\/1"}],"replies":[{"embeddable":true,"href":"https:\/\/www.caririemacao.com\/1\/wp-json\/wp\/v2\/comments?post=75709"}],"version-history":[{"count":1,"href":"https:\/\/www.caririemacao.com\/1\/wp-json\/wp\/v2\/posts\/75709\/revisions"}],"predecessor-version":[{"id":75711,"href":"https:\/\/www.caririemacao.com\/1\/wp-json\/wp\/v2\/posts\/75709\/revisions\/75711"}],"wp:featuredmedia":[{"embeddable":true,"href":"https:\/\/www.caririemacao.com\/1\/wp-json\/wp\/v2\/media\/75710"}],"wp:attachment":[{"href":"https:\/\/www.caririemacao.com\/1\/wp-json\/wp\/v2\/media?parent=75709"}],"wp:term":[{"taxonomy":"category","embeddable":true,"href":"https:\/\/www.caririemacao.com\/1\/wp-json\/wp\/v2\/categories?post=75709"},{"taxonomy":"post_tag","embeddable":true,"href":"https:\/\/www.caririemacao.com\/1\/wp-json\/wp\/v2\/tags?post=75709"}],"curies":[{"name":"wp","href":"https:\/\/api.w.org\/{rel}","templated":true}]}}