{"id":75712,"date":"2018-12-07T12:23:46","date_gmt":"2018-12-07T15:23:46","guid":{"rendered":"http:\/\/www.caririemacao.com\/1\/?p=75712"},"modified":"2018-12-07T12:23:46","modified_gmt":"2018-12-07T15:23:46","slug":"ricardo-coutinho-registra-ultima-reuniao-da-gestao-ao-lado-de-joao-azevedo-e-equipe","status":"publish","type":"post","link":"https:\/\/www.caririemacao.com\/1\/2018\/12\/07\/ricardo-coutinho-registra-ultima-reuniao-da-gestao-ao-lado-de-joao-azevedo-e-equipe\/","title":{"rendered":"Ricardo Coutinho registra \u00faltima reuni\u00e3o da gest\u00e3o ao lado de Jo\u00e3o Azevedo e equipe"},"content":{"rendered":"<p>Aconteceu na tarde desta quinta-feira (6) a \u00faltima reuni\u00e3o de equipe da gest\u00e3o Ricardo Coutinho (PSB) na Para\u00edba. O governador eleito, Jo\u00e3o Azevedo, tamb\u00e9m esteve presente na ocasi\u00e3o.<\/p>\n<p>O retrato da reuni\u00e3o foi divulgado por diversos secret\u00e1rios pelas redes sociais, como momento de confraterniza\u00e7\u00e3o pelo fim dos oito anos de mandato do governador Ricardo.<\/p>\n<p>O ato tamb\u00e9m pode ser considerado um dos momentos cruciais da transi\u00e7\u00e3o para o Governo Jo\u00e3o Azevedo, que anuncia nesta sexta-feira (6), os principais nomes da sua equipe.<\/p>\n<p>&nbsp;<\/p>\n<p>WSCOM<\/p>\n","protected":false},"excerpt":{"rendered":"<p>Aconteceu na tarde desta quinta-feira (6) a \u00faltima reuni\u00e3o de equipe da gest\u00e3o Ricardo Coutinho (PSB) na Para\u00edba. O governador eleito, Jo\u00e3o Azevedo, tamb\u00e9m esteve&hellip; <\/p>\n","protected":false},"author":1,"featured_media":75713,"comment_status":"closed","ping_status":"closed","sticky":false,"template":"","format":"standard","meta":{"sfsi_plus_gutenberg_text_before_share":"","sfsi_plus_gutenberg_show_text_before_share":"","sfsi_plus_gutenberg_icon_type":"","sfsi_plus_gutenberg_icon_alignemt":"","sfsi_plus_gutenburg_max_per_row":"","footnotes":""},"categories":[11],"tags":[],"class_list":["post-75712","post","type-post","status-publish","format-standard","has-post-thumbnail","hentry","category-politica"],"_links":{"self":[{"href":"https:\/\/www.caririemacao.com\/1\/wp-json\/wp\/v2\/posts\/75712","targetHints":{"allow":["GET"]}}],"collection":[{"href":"https:\/\/www.caririemacao.com\/1\/wp-json\/wp\/v2\/posts"}],"about":[{"href":"https:\/\/www.caririemacao.com\/1\/wp-json\/wp\/v2\/types\/post"}],"author":[{"embeddable":true,"href":"https:\/\/www.caririemacao.com\/1\/wp-json\/wp\/v2\/users\/1"}],"replies":[{"embeddable":true,"href":"https:\/\/www.caririemacao.com\/1\/wp-json\/wp\/v2\/comments?post=75712"}],"version-history":[{"count":1,"href":"https:\/\/www.caririemacao.com\/1\/wp-json\/wp\/v2\/posts\/75712\/revisions"}],"predecessor-version":[{"id":75714,"href":"https:\/\/www.caririemacao.com\/1\/wp-json\/wp\/v2\/posts\/75712\/revisions\/75714"}],"wp:featuredmedia":[{"embeddable":true,"href":"https:\/\/www.caririemacao.com\/1\/wp-json\/wp\/v2\/media\/75713"}],"wp:attachment":[{"href":"https:\/\/www.caririemacao.com\/1\/wp-json\/wp\/v2\/media?parent=75712"}],"wp:term":[{"taxonomy":"category","embeddable":true,"href":"https:\/\/www.caririemacao.com\/1\/wp-json\/wp\/v2\/categories?post=75712"},{"taxonomy":"post_tag","embeddable":true,"href":"https:\/\/www.caririemacao.com\/1\/wp-json\/wp\/v2\/tags?post=75712"}],"curies":[{"name":"wp","href":"https:\/\/api.w.org\/{rel}","templated":true}]}}