{"id":75726,"date":"2018-12-07T13:06:10","date_gmt":"2018-12-07T16:06:10","guid":{"rendered":"http:\/\/www.caririemacao.com\/1\/?p=75726"},"modified":"2018-12-07T13:07:04","modified_gmt":"2018-12-07T16:07:04","slug":"luiz-couto-e-designado-para-secretaria-da-agricultura-familiar-no-governo-de-joao","status":"publish","type":"post","link":"https:\/\/www.caririemacao.com\/1\/2018\/12\/07\/luiz-couto-e-designado-para-secretaria-da-agricultura-familiar-no-governo-de-joao\/","title":{"rendered":"Luiz Couto \u00e9 designado para Secretaria da Agricultura Familiar no governo de Jo\u00e3o"},"content":{"rendered":"<p>Como esperado, o an\u00fancio de parte do secretariado de Jo\u00e3o Azev\u00eado (PSB) n\u00e3o demonstrou mudan\u00e7as radicais com rela\u00e7\u00e3o ao atual governo, de Ricardo Coutinho (PSB). A grande novidade a se destacar foi a chegada de Luiz Couto para a Secretaria de Agricultura Familiar e Desenvolvimento do Semi\u00e1rido.<\/p>\n<p>\u201cAl\u00e9m do Procase, o Cooperar que est\u00e1 em v\u00e9speras de libera\u00e7\u00e3o de 50 milh\u00f5es de d\u00f3lares para efetivamente voltar a operar, essa secretaria ser\u00e1 a grande respons\u00e1vel para que agricultura familiar seja modelo de gest\u00e3o para todo o Brasil. Vamos buscar isso com um companheiro quem tem toda a capacidade de fazer, que ser\u00e1 o deputado federal Luiz Couto\u201d, comentou Jo\u00e3o.<\/p>\n<div class=\"td-a-rec td-a-rec-id-content_inline \"><span class=\"td-adspot-title\">Segundo Jo\u00e3o Azev\u00eado, a miss\u00e3o de Couto se torna mais importante pelo momento vivido pelo Brasil, no qual o governo federal teria extinguido o programa PAA (Programa de Aquisi\u00e7\u00e3o de Alimentos), que favorecia a agricultura familiar no Brasil.<\/span><\/div>\n<p>Couto foi candidato a senador na chapa de Jo\u00e3o, ao lado de Veneziano Vital do R\u00eago, nas elei\u00e7\u00f5es deste ano. Como ficou em terceiro, n\u00e3o foi eleito. Ele exercer\u00e1 at\u00e9 o fim do ano o mandato de deputado federal e presidente da Comiss\u00e3o de Direitos Humanos da C\u00e2mara Federal.<\/p>\n<p>&nbsp;<\/p>\n<p>Para\u00edba J\u00e1<\/p>\n","protected":false},"excerpt":{"rendered":"<p>Como esperado, o an\u00fancio de parte do secretariado de Jo\u00e3o Azev\u00eado (PSB) n\u00e3o demonstrou mudan\u00e7as radicais com rela\u00e7\u00e3o ao atual governo, de Ricardo Coutinho (PSB).&hellip; <\/p>\n","protected":false},"author":1,"featured_media":38054,"comment_status":"closed","ping_status":"closed","sticky":false,"template":"","format":"standard","meta":{"sfsi_plus_gutenberg_text_before_share":"","sfsi_plus_gutenberg_show_text_before_share":"","sfsi_plus_gutenberg_icon_type":"","sfsi_plus_gutenberg_icon_alignemt":"","sfsi_plus_gutenburg_max_per_row":"","footnotes":""},"categories":[11],"tags":[],"class_list":["post-75726","post","type-post","status-publish","format-standard","has-post-thumbnail","hentry","category-politica"],"_links":{"self":[{"href":"https:\/\/www.caririemacao.com\/1\/wp-json\/wp\/v2\/posts\/75726","targetHints":{"allow":["GET"]}}],"collection":[{"href":"https:\/\/www.caririemacao.com\/1\/wp-json\/wp\/v2\/posts"}],"about":[{"href":"https:\/\/www.caririemacao.com\/1\/wp-json\/wp\/v2\/types\/post"}],"author":[{"embeddable":true,"href":"https:\/\/www.caririemacao.com\/1\/wp-json\/wp\/v2\/users\/1"}],"replies":[{"embeddable":true,"href":"https:\/\/www.caririemacao.com\/1\/wp-json\/wp\/v2\/comments?post=75726"}],"version-history":[{"count":1,"href":"https:\/\/www.caririemacao.com\/1\/wp-json\/wp\/v2\/posts\/75726\/revisions"}],"predecessor-version":[{"id":75727,"href":"https:\/\/www.caririemacao.com\/1\/wp-json\/wp\/v2\/posts\/75726\/revisions\/75727"}],"wp:featuredmedia":[{"embeddable":true,"href":"https:\/\/www.caririemacao.com\/1\/wp-json\/wp\/v2\/media\/38054"}],"wp:attachment":[{"href":"https:\/\/www.caririemacao.com\/1\/wp-json\/wp\/v2\/media?parent=75726"}],"wp:term":[{"taxonomy":"category","embeddable":true,"href":"https:\/\/www.caririemacao.com\/1\/wp-json\/wp\/v2\/categories?post=75726"},{"taxonomy":"post_tag","embeddable":true,"href":"https:\/\/www.caririemacao.com\/1\/wp-json\/wp\/v2\/tags?post=75726"}],"curies":[{"name":"wp","href":"https:\/\/api.w.org\/{rel}","templated":true}]}}