{"id":75729,"date":"2018-12-07T13:11:17","date_gmt":"2018-12-07T16:11:17","guid":{"rendered":"http:\/\/www.caririemacao.com\/1\/?p=75729"},"modified":"2018-12-07T13:11:17","modified_gmt":"2018-12-07T16:11:17","slug":"nota-oficial-sobre-a-contribuicao-de-iluminacao-publica-prefeitura-de-sume-pb","status":"publish","type":"post","link":"https:\/\/www.caririemacao.com\/1\/2018\/12\/07\/nota-oficial-sobre-a-contribuicao-de-iluminacao-publica-prefeitura-de-sume-pb\/","title":{"rendered":"Nota Oficial sobre a Contribui\u00e7\u00e3o de Ilumina\u00e7\u00e3o P\u00fablica \u2013 Prefeitura de Sum\u00e9 (PB)"},"content":{"rendered":"<p><img fetchpriority=\"high\" decoding=\"async\" class=\"alignnone size-medium wp-image-75731\" src=\"http:\/\/www.caririemacao.com\/1\/wp-content\/uploads\/2018\/12\/DSC_0082-300x199.jpg\" alt=\"\" width=\"300\" height=\"199\" srcset=\"https:\/\/www.caririemacao.com\/1\/wp-content\/uploads\/2018\/12\/DSC_0082-300x199.jpg 300w, https:\/\/www.caririemacao.com\/1\/wp-content\/uploads\/2018\/12\/DSC_0082-768x511.jpg 768w, https:\/\/www.caririemacao.com\/1\/wp-content\/uploads\/2018\/12\/DSC_0082-1024x681.jpg 1024w\" sizes=\"(max-width: 300px) 100vw, 300px\" \/><\/p>\n<p>Em virtude de not\u00edcias difamat\u00f3rias a respeito da cobran\u00e7a de taxa do servi\u00e7o de ilumina\u00e7\u00e3o p\u00fablica feito pela Prefeitura de Sum\u00e9, a mesma vem esclarecer os reais motivos sobre a contribui\u00e7\u00e3o no munic\u00edpio:<br \/>\nO projeto de lei que trata da cobran\u00e7a de tarifa da ilumina\u00e7\u00e3o p\u00fablica, N\u00c3O \u00e9 reajuste de conta de energia do consumidor, \u00e9 importante esclarecer que:<br \/>\n1. O projeto encaminhado pelo Poder Executivo e aprovado pelo Poder Legislativo segue as normativas da Ag\u00eancia Nacional de Energia El\u00e9trica (Aneel);<br \/>\n2. O reajuste foi necess\u00e1rio em virtude do aumento de pontos de ilumina\u00e7\u00e3o p\u00fablica da cidade, passando de 2.089 pontos para 3.837 instalados em virtude do crescimento do munic\u00edpio;<br \/>\n3. No munic\u00edpio de Sum\u00e9, 3.500 usu\u00e1rios consomem entre 30 e 100 KWH\/m, estes ser\u00e3o majorados em 3%, num \u00edndice que vai de 1 a 7%;<br \/>\n4. Quem consome de 30 a 100 KW na zona urbana, o reajuste ser\u00e1 de 3%;<br \/>\n5. Na zona urbana, o projeto isenta da taxa de ilumina\u00e7\u00e3o quem consome abaixo de 30 KW;<br \/>\n6. Para a zona rural, ser\u00e1 isento da cobran\u00e7a, quem consome abaixo de 50 KW;<br \/>\n7. Sum\u00e9 \u00e9 o terceiro maior munic\u00edpio da Para\u00edba, logo, a extens\u00e3o territorial rural \u00e9 enorme, s\u00e3o 540 km de estradas. Assim, o custo de manuten\u00e7\u00e3o da ilumina\u00e7\u00e3o na zona rural \u00e9 ainda maior;<br \/>\n8. Quem consome acima de 100KW na zona rural \u00e9 que pagar\u00e1 7% sobre o valor fixado pela Aneel;<br \/>\n9. Mesmo com o reajuste, a prefeitura ter\u00e1 que complementar recursos para o pagamento da ilumina\u00e7\u00e3o p\u00fablica;<br \/>\n10. A prefeitura ir\u00e1 trocar as l\u00e2mpadas atuais por l\u00e2mpadas de LED, visando diminuir a conta da ilumina\u00e7\u00e3o p\u00fablica, possibilitando uma redu\u00e7\u00e3o da tarifa em breve;<br \/>\n11. A Lei come\u00e7a a vigorar apenas em mar\u00e7o de 2019, cumprindo o prazo de 90 dias (noventena) para que se possa entrar em vigor;<br \/>\n12. Fazemos a manuten\u00e7\u00e3o da ilumina\u00e7\u00e3o com duas equipes durante o dia e \u00e0 noite, circulando na zonas urbana e rural;<br \/>\n13. Cobramos uma taxa de ilumina\u00e7\u00e3o p\u00fablica menor que a de outros munic\u00edpios;<br \/>\n14. Caso a prefeitura, junto com a c\u00e2mara de vereadores, n\u00e3o realizassem esta medida, ter\u00edamos cerca de R$ 40 mil a menos todos os meses, tendo que fazer cortes na Sa\u00fade, na Educa\u00e7\u00e3o, Infraestrutura, na Agricultura entre outras \u00e1reas e servi\u00e7os importantes para a popula\u00e7\u00e3o.<\/p>\n<p>&nbsp;<\/p>\n<p>Assessoria de Imprensa \u2013 Prefeitura de Sum\u00e9<br \/>\n07\/12\/2018<\/p>\n","protected":false},"excerpt":{"rendered":"<p>Em virtude de not\u00edcias difamat\u00f3rias a respeito da cobran\u00e7a de taxa do servi\u00e7o de ilumina\u00e7\u00e3o p\u00fablica feito pela Prefeitura de Sum\u00e9, a mesma vem esclarecer&hellip; <\/p>\n","protected":false},"author":1,"featured_media":75730,"comment_status":"closed","ping_status":"closed","sticky":false,"template":"","format":"standard","meta":{"sfsi_plus_gutenberg_text_before_share":"","sfsi_plus_gutenberg_show_text_before_share":"","sfsi_plus_gutenberg_icon_type":"","sfsi_plus_gutenberg_icon_alignemt":"","sfsi_plus_gutenburg_max_per_row":"","footnotes":""},"categories":[50,2],"tags":[],"class_list":["post-75729","post","type-post","status-publish","format-standard","has-post-thumbnail","hentry","category-destaque","category-geral"],"_links":{"self":[{"href":"https:\/\/www.caririemacao.com\/1\/wp-json\/wp\/v2\/posts\/75729","targetHints":{"allow":["GET"]}}],"collection":[{"href":"https:\/\/www.caririemacao.com\/1\/wp-json\/wp\/v2\/posts"}],"about":[{"href":"https:\/\/www.caririemacao.com\/1\/wp-json\/wp\/v2\/types\/post"}],"author":[{"embeddable":true,"href":"https:\/\/www.caririemacao.com\/1\/wp-json\/wp\/v2\/users\/1"}],"replies":[{"embeddable":true,"href":"https:\/\/www.caririemacao.com\/1\/wp-json\/wp\/v2\/comments?post=75729"}],"version-history":[{"count":1,"href":"https:\/\/www.caririemacao.com\/1\/wp-json\/wp\/v2\/posts\/75729\/revisions"}],"predecessor-version":[{"id":75732,"href":"https:\/\/www.caririemacao.com\/1\/wp-json\/wp\/v2\/posts\/75729\/revisions\/75732"}],"wp:featuredmedia":[{"embeddable":true,"href":"https:\/\/www.caririemacao.com\/1\/wp-json\/wp\/v2\/media\/75730"}],"wp:attachment":[{"href":"https:\/\/www.caririemacao.com\/1\/wp-json\/wp\/v2\/media?parent=75729"}],"wp:term":[{"taxonomy":"category","embeddable":true,"href":"https:\/\/www.caririemacao.com\/1\/wp-json\/wp\/v2\/categories?post=75729"},{"taxonomy":"post_tag","embeddable":true,"href":"https:\/\/www.caririemacao.com\/1\/wp-json\/wp\/v2\/tags?post=75729"}],"curies":[{"name":"wp","href":"https:\/\/api.w.org\/{rel}","templated":true}]}}