{"id":75736,"date":"2018-12-07T16:39:50","date_gmt":"2018-12-07T19:39:50","guid":{"rendered":"http:\/\/www.caririemacao.com\/1\/?p=75736"},"modified":"2018-12-07T16:39:50","modified_gmt":"2018-12-07T19:39:50","slug":"professores-da-rede-publica-municipal-de-caraubas-participam-de-programa-escola-da-terra-na-ufcg","status":"publish","type":"post","link":"https:\/\/www.caririemacao.com\/1\/2018\/12\/07\/professores-da-rede-publica-municipal-de-caraubas-participam-de-programa-escola-da-terra-na-ufcg\/","title":{"rendered":"PROFESSORES DA REDE P\u00daBLICA MUNICIPAL DE CARA\u00daBAS PARTICIPAM DE PROGRAMA ESCOLA DA TERRA NA UFCG"},"content":{"rendered":"<div>Dando continuidade ao trabalho s\u00e9rio desenvolvido pela atual gest\u00e3o da Prefeitura Municipal de Cara\u00fabas atrav\u00e9s da Secretaria da Educa\u00e7\u00e3o e capacitando a m\u00e3o de obra local, os professores das escolas rurais da rede p\u00fablica municipal de Cara\u00fabas est\u00e3o participando de um Semin\u00e1rio final do Programa Escola da Terra, na UFCG\/CDSA, campus de Sum\u00e9 \u2013 PB.<\/div>\n<div>O programa Escola da Terra tem por objetivo a forma\u00e7\u00e3o dos professores das escolas do campo que trabalham com turmas multiseriadas, enfatizando as vivencias locais. O Semin\u00e1rio est\u00e1 sendo ministrado pela Universidade Federal de Campina Grande atrav\u00e9s do CDSA e em parceria com o munic\u00edpio de Cara\u00fabas e outros munic\u00edpios.<\/div>\n<div>De acordo com o que foi repassado pela secret\u00e1ria da educa\u00e7\u00e3o, professora Gracilene Aquino, este Semin\u00e1rio \u00e9 parte referente a finaliza\u00e7\u00e3o do I Curso de Aprofundamento em Educa\u00e7\u00e3o Contextualizada para as turmas multisseriadas do semi\u00e1rido, com o objetivo de atender ao professorado e coordena\u00e7\u00e3o pedag\u00f3gica das escolas e turmas multisseriadas do campo.<\/div>\n<div>O Semin\u00e1rio tem o objetivo de refletir sobre as escolar\/turmas multisseriadas no contexto brasileiro e na Educa\u00e7\u00e3o do Campo, discutir sobre as pr\u00e1ticas desenvolvidas pelo Programa Escola da Terra, socializar os projetos de interviv\u00eancia nas turmas multisseriadas pelos cursistas do programa, realizar a conclus\u00e3o do curso da primeira turma da Escola da Terra da Para\u00edba e avaliar e definir estrat\u00e9gias para a continuidade do Programa no Estado da Para\u00edba.<\/div>\n<div>Participam nesta primeira fase do Programa, 11 (Onze) munic\u00edpios do cariri paraibano, al\u00e9m de Cara\u00fabas, estiveram presentes docentes dos munic\u00edpios de Camalau, Livramento, Monteiro, Parari, Prata, Serra Branca, S\u00e3o Jo\u00e3o do Tigre, S\u00e3o Jo\u00e3o do Cariri, S\u00e3o Jos\u00e9 dos Cordeiros e Sum\u00e9.<\/div>\n<div>Os professores F\u00e1bio Josu\u00e9 Santos(UFRB) foi o palestrante do dia abordando o tema Panorama das escolas multisseriadas no Brasil e no mundo, fruto de uma mesa redonda coordenada pelo professor Fabiano Cust\u00f3dio da UFCG\/CDSA.<\/div>\n<div><\/div>\n<div>Ascom\/Cara\u00fabas<\/div>\n","protected":false},"excerpt":{"rendered":"<p>Dando continuidade ao trabalho s\u00e9rio desenvolvido pela atual gest\u00e3o da Prefeitura Municipal de Cara\u00fabas atrav\u00e9s da Secretaria da Educa\u00e7\u00e3o e capacitando a m\u00e3o de obra&hellip; <\/p>\n","protected":false},"author":1,"featured_media":75737,"comment_status":"closed","ping_status":"closed","sticky":false,"template":"","format":"standard","meta":{"sfsi_plus_gutenberg_text_before_share":"","sfsi_plus_gutenberg_show_text_before_share":"","sfsi_plus_gutenberg_icon_type":"","sfsi_plus_gutenberg_icon_alignemt":"","sfsi_plus_gutenburg_max_per_row":"","footnotes":""},"categories":[2],"tags":[],"class_list":["post-75736","post","type-post","status-publish","format-standard","has-post-thumbnail","hentry","category-geral"],"_links":{"self":[{"href":"https:\/\/www.caririemacao.com\/1\/wp-json\/wp\/v2\/posts\/75736","targetHints":{"allow":["GET"]}}],"collection":[{"href":"https:\/\/www.caririemacao.com\/1\/wp-json\/wp\/v2\/posts"}],"about":[{"href":"https:\/\/www.caririemacao.com\/1\/wp-json\/wp\/v2\/types\/post"}],"author":[{"embeddable":true,"href":"https:\/\/www.caririemacao.com\/1\/wp-json\/wp\/v2\/users\/1"}],"replies":[{"embeddable":true,"href":"https:\/\/www.caririemacao.com\/1\/wp-json\/wp\/v2\/comments?post=75736"}],"version-history":[{"count":1,"href":"https:\/\/www.caririemacao.com\/1\/wp-json\/wp\/v2\/posts\/75736\/revisions"}],"predecessor-version":[{"id":75738,"href":"https:\/\/www.caririemacao.com\/1\/wp-json\/wp\/v2\/posts\/75736\/revisions\/75738"}],"wp:featuredmedia":[{"embeddable":true,"href":"https:\/\/www.caririemacao.com\/1\/wp-json\/wp\/v2\/media\/75737"}],"wp:attachment":[{"href":"https:\/\/www.caririemacao.com\/1\/wp-json\/wp\/v2\/media?parent=75736"}],"wp:term":[{"taxonomy":"category","embeddable":true,"href":"https:\/\/www.caririemacao.com\/1\/wp-json\/wp\/v2\/categories?post=75736"},{"taxonomy":"post_tag","embeddable":true,"href":"https:\/\/www.caririemacao.com\/1\/wp-json\/wp\/v2\/tags?post=75736"}],"curies":[{"name":"wp","href":"https:\/\/api.w.org\/{rel}","templated":true}]}}