{"id":75742,"date":"2018-12-07T18:02:36","date_gmt":"2018-12-07T21:02:36","guid":{"rendered":"http:\/\/www.caririemacao.com\/1\/?p=75742"},"modified":"2018-12-07T18:02:36","modified_gmt":"2018-12-07T21:02:36","slug":"senador-eleito-veneziano-vital-se-reune-com-prefeitos-do-cariri-paraibano","status":"publish","type":"post","link":"https:\/\/www.caririemacao.com\/1\/2018\/12\/07\/senador-eleito-veneziano-vital-se-reune-com-prefeitos-do-cariri-paraibano\/","title":{"rendered":"Senador eleito, Veneziano Vital se re\u00fane com prefeitos do Cariri paraibano"},"content":{"rendered":"<p>O Deputado Federal e Senador Eleito Veneziano Vital do R\u00eago (PSB) esteve reunido nesta sexta-feira (07), na sede do Sebrae, em Campina Grande, com prefeitos e representantes da Associa\u00e7\u00e3o dos Munic\u00edpios do Cariri e Agreste Paraibano (AMCAP). Durante o encontro, o Presidente e atual Prefeito de Gurj\u00e3o, Ronaldo Queiroz, entregou ao parlamentar uma pauta de reivindica\u00e7\u00f5es, em nome dos demais prefeitos, que de imediato foram acolhidas por Veneziano.Dentre as reivindica\u00e7\u00f5es solicitadas pelos gestores est\u00e3o a reabertura de ag\u00eancias do Banco do Brasil na regi\u00e3o; alternativas para coleta dos res\u00edduos s\u00f3lidos dos munic\u00edpios; cria\u00e7\u00e3o de um Centro de Hemodi\u00e1lise e a reforma do Pacto Federativo.<\/p>\n<p>\u201c\u00c9 de suma import\u00e2ncia essa reuni\u00e3o com Veneziano, pois ele tem um lado municipalista, por ter sido Prefeito por oito anos em Campina Grande. Ent\u00e3o, ele sabe, mais do que ningu\u00e9m, as demandas dos munic\u00edpios. E no nosso Cariri, n\u00f3s queremos a unidade dos Prefeitos para solicitar pleitos estruturantes a Veneziano para nossa regi\u00e3o. Acreditamos que Veneziano ser\u00e1 o Senador do povo do Cariri em Bras\u00edlia\u201d, afirmou Ronaldo Queiroz, que representa a AMCAP e seus 17 munic\u00edpios.<\/p>\n<p>Estiveram presentes \u00e0 reuni\u00e3o, al\u00e9m de Ronaldo Queiroz, os gestores de Amparo, In\u00e1cio N\u00f3brega; de Sum\u00e9, Eden Duarte; Cocixola, Givaldo Farias; Santo Andr\u00e9, Silvana Marinho e um representante do mun\u00edcipio de Zabel\u00e9.<\/p>\n<p>Ao agradecer o convite dos membros da AMCAP, Veneziano disse que far\u00e1 tudo o que estiver ao seu alcance para bem representar o povo do Cariri, assim como todos os paraibanos. \u201cEsse \u00e9 o meu papel, de estar junto e colaborar. J\u00e1 no inicio desta semana irei marcar uma audi\u00eancia com o presidente do Banco do Brasil, Marcelo Augusto Dutra, para tratar da reabertura de ag\u00eancias na regi\u00e3o, tendo em vista que s\u00f3 est\u00e3o em funcionamento uma em Sum\u00e9 e outra em Monteiro\u201d, disse.<\/p>\n<p>Veneziano assegurou tamb\u00e9m empenho junto ao Governo do Estado para a cria\u00e7\u00e3o de um Centro de Hemodi\u00e1lise no Cariri; bem como de buscar uma solu\u00e7\u00e3o para a devida coleta dos res\u00edduos s\u00f3lidos nos munic\u00edpios. Outra bandeira de luta que Veneziano se prontificou a trabalhar foi a constru\u00e7\u00e3o de um novo pacto federativo. \u201cPrecisamos de um pacto federativo que rediscuta uma presen\u00e7a maior dos munic\u00edpios e dos estados\u201d, afirma.<\/p>\n","protected":false},"excerpt":{"rendered":"<p>O Deputado Federal e Senador Eleito Veneziano Vital do R\u00eago (PSB) esteve reunido nesta sexta-feira (07), na sede do Sebrae, em Campina Grande, com prefeitos&hellip; <\/p>\n","protected":false},"author":1,"featured_media":75744,"comment_status":"closed","ping_status":"closed","sticky":false,"template":"","format":"standard","meta":{"sfsi_plus_gutenberg_text_before_share":"","sfsi_plus_gutenberg_show_text_before_share":"","sfsi_plus_gutenberg_icon_type":"","sfsi_plus_gutenberg_icon_alignemt":"","sfsi_plus_gutenburg_max_per_row":"","footnotes":""},"categories":[2],"tags":[],"class_list":["post-75742","post","type-post","status-publish","format-standard","has-post-thumbnail","hentry","category-geral"],"_links":{"self":[{"href":"https:\/\/www.caririemacao.com\/1\/wp-json\/wp\/v2\/posts\/75742","targetHints":{"allow":["GET"]}}],"collection":[{"href":"https:\/\/www.caririemacao.com\/1\/wp-json\/wp\/v2\/posts"}],"about":[{"href":"https:\/\/www.caririemacao.com\/1\/wp-json\/wp\/v2\/types\/post"}],"author":[{"embeddable":true,"href":"https:\/\/www.caririemacao.com\/1\/wp-json\/wp\/v2\/users\/1"}],"replies":[{"embeddable":true,"href":"https:\/\/www.caririemacao.com\/1\/wp-json\/wp\/v2\/comments?post=75742"}],"version-history":[{"count":1,"href":"https:\/\/www.caririemacao.com\/1\/wp-json\/wp\/v2\/posts\/75742\/revisions"}],"predecessor-version":[{"id":75745,"href":"https:\/\/www.caririemacao.com\/1\/wp-json\/wp\/v2\/posts\/75742\/revisions\/75745"}],"wp:featuredmedia":[{"embeddable":true,"href":"https:\/\/www.caririemacao.com\/1\/wp-json\/wp\/v2\/media\/75744"}],"wp:attachment":[{"href":"https:\/\/www.caririemacao.com\/1\/wp-json\/wp\/v2\/media?parent=75742"}],"wp:term":[{"taxonomy":"category","embeddable":true,"href":"https:\/\/www.caririemacao.com\/1\/wp-json\/wp\/v2\/categories?post=75742"},{"taxonomy":"post_tag","embeddable":true,"href":"https:\/\/www.caririemacao.com\/1\/wp-json\/wp\/v2\/tags?post=75742"}],"curies":[{"name":"wp","href":"https:\/\/api.w.org\/{rel}","templated":true}]}}