{"id":75746,"date":"2018-12-07T18:04:38","date_gmt":"2018-12-07T21:04:38","guid":{"rendered":"http:\/\/www.caririemacao.com\/1\/?p=75746"},"modified":"2018-12-07T18:04:38","modified_gmt":"2018-12-07T21:04:38","slug":"apos-discussoes-de-filhos-com-deputados-eleitos-bolsonaro-marca-reuniao-da-bancada-do-psl","status":"publish","type":"post","link":"https:\/\/www.caririemacao.com\/1\/2018\/12\/07\/apos-discussoes-de-filhos-com-deputados-eleitos-bolsonaro-marca-reuniao-da-bancada-do-psl\/","title":{"rendered":"Ap\u00f3s discuss\u00f5es de filhos com deputados eleitos, Bolsonaro marca reuni\u00e3o da bancada do PSL"},"content":{"rendered":"<p>Ap\u00f3s discuss\u00e3o nas redes sociais sobre protagonismo no partido, os eleitos da legenda se re\u00fanem na pr\u00f3xima quarta-feira, 12, \u00e0 tarde com o presidente eleito, Jair Bolsonaro, no Centro Cultural do Banco do Brasil (CCBB), em Bras\u00edlia, onde se concentra o governo de transi\u00e7\u00e3o. As disputas recentes devem entrar no debate do encontro, embora n\u00e3o tenham sido o motivo da agenda.<\/p>\n<p>O protagonismo de parlamentares eleitos pelo PSL, ainda n\u00e3o empossados, tem incomodado a fam\u00edlia Bolsonaro e antigos parlamentares. Nos \u00faltimos dias, dois filhos do presidente eleito enviaram recados diretos e indiretos para seus correligion\u00e1rios pelas redes sociais.<\/p>\n<div class=\"td-a-rec td-a-rec-id-content_inline  \"><span class=\"td-adspot-title\">O deputado federal eleito pela Para\u00edba Julian Lemos foi um dos alvos. Um dos filhos do presidente eleito, Carlos Bolsonaro, usou as redes sociais na quarta-feira (5) para negar que Julian Lemos seja coordenador de Bolsonaro no Nordeste, dando in\u00edcio a uma troca de mensagens entre os dois carregadas de cr\u00edticas.<\/span><\/div>\n<p>Paralelamente, os correligion\u00e1rios tiveram um debate acalorado em um grupo de WhatsApp do PSL. No grupo de troca de mensagens, que re\u00fane os eleitos pelo partido, Joice Hasselmann (PSL-SP) criticou a articula\u00e7\u00e3o da legenda e discutiu com o deputado e senador eleito Major Ol\u00edmpio (PSL-SP).<\/p>\n<p>Posteriormente, Eduardo Bolsonaro entrou na conversa e disse que recebeu ordens do pai para conduzir articula\u00e7\u00f5es na C\u00e2mara apenas nos bastidores, de modo a n\u00e3o irritar o presidente da Casa, Rodrigo Maia (DEM-RJ), que poderia acelerar a aprova\u00e7\u00e3o das chamadas \u201cpautas bombas\u201d na Casa.<\/p>\n<p>O vice-l\u00edder do partido na C\u00e2mara, Delegado Waldir (PSL-GO) disse que o encontro j\u00e1 estava marcado h\u00e1 muito tempo, dentro do circuito de reuni\u00f5es que Bolsonaro tem feito com as bancadas partid\u00e1rias do Congresso e que as disputas n\u00e3o foram o motivo para realizar o evento. \u201cEu convoquei os eleitos bem antes disso e tamb\u00e9m n\u00e3o h\u00e1 nada demais nas conversas, os debates s\u00e3o normais\u201d, afirmou.<\/p>\n<p>Segundo Waldir, a convoca\u00e7\u00e3o para a reuni\u00e3o de quarta foi feita por meio deste mesmo grupo de WhatsApp. Nesta sexta-feira, 7, Maia evitou comentar a men\u00e7\u00e3o ao seu nome. Paralelamente, o deputado eleito por S\u00e3o Paulo, Junior Bozzella protocolou um requerimento na C\u00e2mara para sugerir a forma\u00e7\u00e3o de um l\u00edder e vice-l\u00edder na Casa da bancada do Estado de S\u00e3o Paulo. No caso, Bozzella seria o l\u00edder e Alexandre Frota (PSL-SP), o vice-l\u00edder.<\/p>\n<p>&nbsp;<\/p>\n<p>Jornal do Brasil<\/p>\n","protected":false},"excerpt":{"rendered":"<p>Ap\u00f3s discuss\u00e3o nas redes sociais sobre protagonismo no partido, os eleitos da legenda se re\u00fanem na pr\u00f3xima quarta-feira, 12, \u00e0 tarde com o presidente eleito,&hellip; <\/p>\n","protected":false},"author":1,"featured_media":75438,"comment_status":"closed","ping_status":"closed","sticky":false,"template":"","format":"standard","meta":{"sfsi_plus_gutenberg_text_before_share":"","sfsi_plus_gutenberg_show_text_before_share":"","sfsi_plus_gutenberg_icon_type":"","sfsi_plus_gutenberg_icon_alignemt":"","sfsi_plus_gutenburg_max_per_row":"","footnotes":""},"categories":[11],"tags":[],"class_list":["post-75746","post","type-post","status-publish","format-standard","has-post-thumbnail","hentry","category-politica"],"_links":{"self":[{"href":"https:\/\/www.caririemacao.com\/1\/wp-json\/wp\/v2\/posts\/75746","targetHints":{"allow":["GET"]}}],"collection":[{"href":"https:\/\/www.caririemacao.com\/1\/wp-json\/wp\/v2\/posts"}],"about":[{"href":"https:\/\/www.caririemacao.com\/1\/wp-json\/wp\/v2\/types\/post"}],"author":[{"embeddable":true,"href":"https:\/\/www.caririemacao.com\/1\/wp-json\/wp\/v2\/users\/1"}],"replies":[{"embeddable":true,"href":"https:\/\/www.caririemacao.com\/1\/wp-json\/wp\/v2\/comments?post=75746"}],"version-history":[{"count":1,"href":"https:\/\/www.caririemacao.com\/1\/wp-json\/wp\/v2\/posts\/75746\/revisions"}],"predecessor-version":[{"id":75747,"href":"https:\/\/www.caririemacao.com\/1\/wp-json\/wp\/v2\/posts\/75746\/revisions\/75747"}],"wp:featuredmedia":[{"embeddable":true,"href":"https:\/\/www.caririemacao.com\/1\/wp-json\/wp\/v2\/media\/75438"}],"wp:attachment":[{"href":"https:\/\/www.caririemacao.com\/1\/wp-json\/wp\/v2\/media?parent=75746"}],"wp:term":[{"taxonomy":"category","embeddable":true,"href":"https:\/\/www.caririemacao.com\/1\/wp-json\/wp\/v2\/categories?post=75746"},{"taxonomy":"post_tag","embeddable":true,"href":"https:\/\/www.caririemacao.com\/1\/wp-json\/wp\/v2\/tags?post=75746"}],"curies":[{"name":"wp","href":"https:\/\/api.w.org\/{rel}","templated":true}]}}