{"id":75807,"date":"2018-12-08T08:43:15","date_gmt":"2018-12-08T11:43:15","guid":{"rendered":"http:\/\/www.caririemacao.com\/1\/?p=75807"},"modified":"2018-12-08T08:43:15","modified_gmt":"2018-12-08T11:43:15","slug":"mulher-tem-dedos-e-orelha-decepados-durante-briga-com-o-marido","status":"publish","type":"post","link":"https:\/\/www.caririemacao.com\/1\/2018\/12\/08\/mulher-tem-dedos-e-orelha-decepados-durante-briga-com-o-marido\/","title":{"rendered":"Mulher tem dedos e orelha decepados durante briga com o marido"},"content":{"rendered":"<p style=\"margin: 0px 0px 1.62em; padding: 0px; outline: 0px; border: 0px currentColor; color: #555555; text-transform: none; text-indent: 0px; letter-spacing: normal; font-family: 'Open Sans', sans-serif; font-size: 15px; font-style: normal; font-weight: normal; word-spacing: 0px; vertical-align: baseline; white-space: normal; -ms-zoom: 1; orphans: 2; widows: 2; background-color: #ffffff; font-variant-ligatures: normal; font-variant-caps: normal; -webkit-text-stroke-width: 0px; text-decoration-style: initial; text-decoration-color: initial;\">Uma mulher de 40 anos teve dedos de uma das m\u00e3os e uma das orelhas decepadas durante uma briga com o marido. O crime aconteceu na tarde dessa quinta-feira (6) no munic\u00edpio de Cajazeiras, Sert\u00e3o paraibano, a 487 quil\u00f4metros de Jo\u00e3o Pessoa.<\/p>\n<p style=\"margin: 0px 0px 1.62em; padding: 0px; outline: 0px; border: 0px currentColor; color: #555555; text-transform: none; text-indent: 0px; letter-spacing: normal; font-family: 'Open Sans', sans-serif; font-size: 15px; font-style: normal; font-weight: normal; word-spacing: 0px; vertical-align: baseline; white-space: normal; -ms-zoom: 1; orphans: 2; widows: 2; background-color: #ffffff; font-variant-ligatures: normal; font-variant-caps: normal; -webkit-text-stroke-width: 0px; text-decoration-style: initial; text-decoration-color: initial;\">Ao Portal Correio, o delegado seccional de Cajazeiras, Glauber Fontes, informou que v\u00edtima e suspeito estavam dentro de casa quando o homem teria tido um surto e se armou com uma foice. Em seguida, ele agrediu a mulher, decepando dedos e a orelha.<\/p>\n<p style=\"margin: 0px 0px 1.62em; padding: 0px; outline: 0px; border: 0px currentColor; color: #555555; text-transform: none; text-indent: 0px; letter-spacing: normal; font-family: 'Open Sans', sans-serif; font-size: 15px; font-style: normal; font-weight: normal; word-spacing: 0px; vertical-align: baseline; white-space: normal; -ms-zoom: 1; orphans: 2; widows: 2; background-color: #ffffff; font-variant-ligatures: normal; font-variant-caps: normal; -webkit-text-stroke-width: 0px; text-decoration-style: initial; text-decoration-color: initial;\">\u201cA v\u00edtima foi socorrida para o Hospital Regional aqui<\/p>\n<p style=\"margin: 0px 0px 1.62em; padding: 0px; outline: 0px; border: 0px currentColor; color: #555555; text-transform: none; text-indent: 0px; letter-spacing: normal; font-family: 'Open Sans', sans-serif; font-size: 15px; font-style: normal; font-weight: normal; word-spacing: 0px; vertical-align: baseline; white-space: normal; -ms-zoom: 1; orphans: 2; widows: 2; background-color: #ffffff; font-variant-ligatures: normal; font-variant-caps: normal; -webkit-text-stroke-width: 0px; text-decoration-style: initial; text-decoration-color: initial;\">de Cajazeiras e passou por cirurgia. O homem foi preso e j\u00e1 foi encaminhado para o pres\u00eddio\u201d, afirmou o delegado.<\/p>\n<p style=\"margin: 0px 0px 1.62em; padding: 0px; outline: 0px; border: 0px currentColor; color: #555555; text-transform: none; text-indent: 0px; letter-spacing: normal; font-family: 'Open Sans', sans-serif; font-size: 15px; font-style: normal; font-weight: normal; word-spacing: 0px; vertical-align: baseline; white-space: normal; -ms-zoom: 1; orphans: 2; widows: 2; background-color: #ffffff; font-variant-ligatures: normal; font-variant-caps: normal; -webkit-text-stroke-width: 0px; text-decoration-style: initial; text-decoration-color: initial;\">O Portal Correio tentou contato com o Regional de Cajazeiras para saber informa\u00e7\u00f5es sobre o estado de sa\u00fade da mulher, mas as liga\u00e7\u00f5es n\u00e3o foram atendidas at\u00e9 a publica\u00e7\u00e3o desta mat\u00e9ria.<\/p>\n<p>&nbsp;<\/p>\n<p>Portal Correio<\/p>\n","protected":false},"excerpt":{"rendered":"<p>Uma mulher de 40 anos teve dedos de uma das m\u00e3os e uma das orelhas decepadas durante uma briga com o marido. O crime aconteceu&hellip; <\/p>\n","protected":false},"author":1,"featured_media":75808,"comment_status":"closed","ping_status":"closed","sticky":false,"template":"","format":"standard","meta":{"sfsi_plus_gutenberg_text_before_share":"","sfsi_plus_gutenberg_show_text_before_share":"","sfsi_plus_gutenberg_icon_type":"","sfsi_plus_gutenberg_icon_alignemt":"","sfsi_plus_gutenburg_max_per_row":"","footnotes":""},"categories":[50,12],"tags":[],"class_list":["post-75807","post","type-post","status-publish","format-standard","has-post-thumbnail","hentry","category-destaque","category-policia"],"_links":{"self":[{"href":"https:\/\/www.caririemacao.com\/1\/wp-json\/wp\/v2\/posts\/75807","targetHints":{"allow":["GET"]}}],"collection":[{"href":"https:\/\/www.caririemacao.com\/1\/wp-json\/wp\/v2\/posts"}],"about":[{"href":"https:\/\/www.caririemacao.com\/1\/wp-json\/wp\/v2\/types\/post"}],"author":[{"embeddable":true,"href":"https:\/\/www.caririemacao.com\/1\/wp-json\/wp\/v2\/users\/1"}],"replies":[{"embeddable":true,"href":"https:\/\/www.caririemacao.com\/1\/wp-json\/wp\/v2\/comments?post=75807"}],"version-history":[{"count":1,"href":"https:\/\/www.caririemacao.com\/1\/wp-json\/wp\/v2\/posts\/75807\/revisions"}],"predecessor-version":[{"id":75809,"href":"https:\/\/www.caririemacao.com\/1\/wp-json\/wp\/v2\/posts\/75807\/revisions\/75809"}],"wp:featuredmedia":[{"embeddable":true,"href":"https:\/\/www.caririemacao.com\/1\/wp-json\/wp\/v2\/media\/75808"}],"wp:attachment":[{"href":"https:\/\/www.caririemacao.com\/1\/wp-json\/wp\/v2\/media?parent=75807"}],"wp:term":[{"taxonomy":"category","embeddable":true,"href":"https:\/\/www.caririemacao.com\/1\/wp-json\/wp\/v2\/categories?post=75807"},{"taxonomy":"post_tag","embeddable":true,"href":"https:\/\/www.caririemacao.com\/1\/wp-json\/wp\/v2\/tags?post=75807"}],"curies":[{"name":"wp","href":"https:\/\/api.w.org\/{rel}","templated":true}]}}