{"id":75810,"date":"2018-12-08T08:48:58","date_gmt":"2018-12-08T11:48:58","guid":{"rendered":"http:\/\/www.caririemacao.com\/1\/?p=75810"},"modified":"2018-12-08T08:48:58","modified_gmt":"2018-12-08T11:48:58","slug":"como-funcionam-programas-nos-moldes-do-bolsa-familia-nas-10-maiores-economias-do-mundo","status":"publish","type":"post","link":"https:\/\/www.caririemacao.com\/1\/2018\/12\/08\/como-funcionam-programas-nos-moldes-do-bolsa-familia-nas-10-maiores-economias-do-mundo\/","title":{"rendered":"Como funcionam programas nos moldes do &#8216;Bolsa Fam\u00edlia&#8217; nas 10 maiores economias do mundo"},"content":{"rendered":"<p>A pobreza n\u00e3o \u00e9 uma quest\u00e3o que preocupa apenas os pa\u00edses menos desenvolvidos.<\/p>\n<div class=\"wall protected-content\">\n<div class=\"mc-column content-text active-extra-styles \" data-block-weight=\"67\" data-block-type=\"unstyled\">\n<p class=\"content-text__container \" data-track-category=\"Link no Texto\" data-track-links=\"\">Segundo a Organiza\u00e7\u00e3o para a Coopera\u00e7\u00e3o e Desenvolvimento Econ\u00f4mico (OCDE), as na\u00e7\u00f5es ricas que integram o grupo gastam, em m\u00e9dia, 1,6% do PIB em presta\u00e7\u00f5es de assist\u00eancia social condicionadas a um limite de renda dos benefici\u00e1rios, como \u00e9 o caso do Bolsa Fam\u00edlia. S\u00e3o recursos transferidos em dinheiro para ajudar na subsist\u00eancia e lutar contra a pobreza. O n\u00famero exclui gastos sociais com Previd\u00eancia, sa\u00fade e seguro-desemprego.<\/p>\n<p data-track-category=\"Link no Texto\" data-track-links=\"\">No Brasil, as despesas com o Bolsa Fam\u00edlia, programa que beneficiou 14 milh\u00f5es de fam\u00edlias em novembro, representam cerca de 0,5% do PIB. Neste ano, os pagamentos do Bolsa Fam\u00edlia devem atingir R$ 30 bilh\u00f5es.<\/p>\n<div class=\"mc-column content-text active-extra-styles \" data-block-weight=\"47\" data-block-type=\"unstyled\">\n<p class=\"content-text__container \" data-track-category=\"Link no Texto\" data-track-links=\"\">Entre as 10 maiores economias do mundo &#8211; que incluem desde pa\u00edses com elevados n\u00edveis de bem-estar social, como a Fran\u00e7a e a Alemanha, aos com altos \u00edndices de pobreza, como a \u00cdndia -, os programas de transfer\u00eancia de renda est\u00e3o presentes, ainda que com diferentes formula\u00e7\u00f5es.<\/p>\n<\/div>\n<div class=\"mc-column content-text active-extra-styles \" data-block-weight=\"63\" data-block-type=\"unstyled\">\n<p class=\"content-text__container \" data-track-category=\"Link no Texto\" data-track-links=\"\">Na Fran\u00e7a &#8211; que vive uma onda de violentos protestos motivados pelos efeitos da alta carga tribut\u00e1ria e do baixo poder de compra de boa parte da popula\u00e7\u00e3o -, os programas de transfer\u00eancia de renda s\u00e3o ainda mais amplos do que a m\u00e9dia dos pa\u00edses ricos e atingem 2,1% do PIB, totalizando mais de 45 bilh\u00f5es de euros (cerca de R$ 200 bilh\u00f5es).<\/p>\n<div class=\"content-intertitle\">\n<h2>Como \u00e9 o programa franc\u00eas<\/h2>\n<\/div>\n<div class=\"mc-column content-text active-extra-styles \" data-block-weight=\"42\" data-block-type=\"unstyled\">\n<p class=\"content-text__container \" data-track-category=\"Link no Texto\" data-track-links=\"\">Al\u00e9m de garantir recursos para despesas do dia-a-dia, a Fran\u00e7a, que possui uma ampla rede de prote\u00e7\u00e3o social, tem tamb\u00e9m programas de ajuda para pagar o aluguel e contas de luz ou g\u00e1s e para a compra de material escolar, entre outros.<\/p>\n<\/div>\n<div class=\"mc-column content-text active-extra-styles \" data-block-weight=\"44\" data-block-type=\"unstyled\">\n<p class=\"content-text__container \" data-track-category=\"Link no Texto\" data-track-links=\"\">O benef\u00edcio m\u00e9dio recebido pelo programa \u00e9 de R$ 187 (quase US$ 50), ap\u00f3s reajuste de 5,7% que entrou em vigor em julho. O valor recebido pelos benefici\u00e1rios varia conforme o n\u00famero de membros da fam\u00edlia, a idade de cada um e a renda.<\/p>\n<\/div>\n<div class=\"mc-column content-text active-extra-styles \" data-block-weight=\"35\" data-block-type=\"unstyled\">\n<p class=\"content-text__container \" data-track-category=\"Link no Texto\" data-track-links=\"\">De acordo com Maxime Ladaique, diretor de recursos estat\u00edsticos da divis\u00e3o de pol\u00edticas sociais da OCDE, os gastos dos pa\u00edses ricos com programas de transfer\u00eancia de renda se mant\u00e9m, em geral, est\u00e1veis nos \u00faltimos anos.<\/p>\n<\/div>\n<div class=\"mc-column content-text active-extra-styles \" data-block-weight=\"30\" data-block-type=\"unstyled\">\n<p class=\"content-text__container \" data-track-category=\"Link no Texto\" data-track-links=\"\">&#8220;Logo ap\u00f3s a crise financeira de 2008, as presta\u00e7\u00f5es sociais aumentaram, enquanto o PIB caiu. Os pa\u00edses pagaram mais para amortecer os efeitos da deteriora\u00e7\u00e3o da economia&#8221;, diz o especialista.<\/p>\n<\/div>\n<div class=\"mc-column content-text active-extra-styles \" data-block-weight=\"31\" data-block-type=\"unstyled\">\n<p class=\"content-text__container \" data-track-category=\"Link no Texto\" data-track-links=\"\">&#8220;Desde ent\u00e3o, elas v\u00eam sendo levemente reduzidas, mas o PIB dos pa\u00edses cresceu&#8221;, afirma Ladaique, acrescentando que, na pr\u00e1tica, a rela\u00e7\u00e3o desses gastos em rela\u00e7\u00e3o ao PIB tem se mantido est\u00e1vel.<\/p>\n<\/div>\n<div class=\"mc-column content-text active-extra-styles\" data-block-weight=\"4\" data-block-type=\"raw\">\n<div class=\"content-intertitle\">\n<h2>Pode mudar no Brasil?<\/h2>\n<\/div>\n<\/div>\n<div class=\"mc-column content-text active-extra-styles \" data-block-weight=\"22\" data-block-type=\"unstyled\">\n<p class=\"content-text__container \" data-track-category=\"Link no Texto\" data-track-links=\"\">O presidente eleito Jair Bolsonaro, antes cr\u00edtico do Bolsa Fam\u00edlia, declarou que vai ampliar o programa e aperfei\u00e7oar o combate a fraudes.<\/p>\n<\/div>\n<div class=\"mc-column content-text active-extra-styles \" data-block-weight=\"67\" data-block-type=\"unstyled\">\n<p class=\"content-text__container \" data-track-category=\"Link no Texto\" data-track-links=\"\">Al\u00e9m de um 13\u00b0 &#8216;sal\u00e1rio&#8217; para os benefici\u00e1rios, o programa de governo de Bolsonaro prev\u00ea instituir um sistema de &#8220;renda m\u00ednima para todas as fam\u00edlias&#8221;, ou seja, n\u00e3o apenas as mais pobres, com valor igual ou superior ao que \u00e9 atualmente pago. O programa do presidente eleito n\u00e3o detalha, no entanto, como seriam obtidos os recursos para financiar a medida e se, de fato, ela ser\u00e1 adotada.<\/p>\n<\/div>\n<p data-track-category=\"Link no Texto\" data-track-links=\"\">G1<\/p>\n<\/div>\n<\/div>\n<\/div>\n","protected":false},"excerpt":{"rendered":"<p>A pobreza n\u00e3o \u00e9 uma quest\u00e3o que preocupa apenas os pa\u00edses menos desenvolvidos. Segundo a Organiza\u00e7\u00e3o para a Coopera\u00e7\u00e3o e Desenvolvimento Econ\u00f4mico (OCDE), as na\u00e7\u00f5es&hellip; <\/p>\n","protected":false},"author":1,"featured_media":7542,"comment_status":"closed","ping_status":"closed","sticky":false,"template":"","format":"standard","meta":{"sfsi_plus_gutenberg_text_before_share":"","sfsi_plus_gutenberg_show_text_before_share":"","sfsi_plus_gutenberg_icon_type":"","sfsi_plus_gutenberg_icon_alignemt":"","sfsi_plus_gutenburg_max_per_row":"","footnotes":""},"categories":[2],"tags":[],"class_list":["post-75810","post","type-post","status-publish","format-standard","has-post-thumbnail","hentry","category-geral"],"_links":{"self":[{"href":"https:\/\/www.caririemacao.com\/1\/wp-json\/wp\/v2\/posts\/75810","targetHints":{"allow":["GET"]}}],"collection":[{"href":"https:\/\/www.caririemacao.com\/1\/wp-json\/wp\/v2\/posts"}],"about":[{"href":"https:\/\/www.caririemacao.com\/1\/wp-json\/wp\/v2\/types\/post"}],"author":[{"embeddable":true,"href":"https:\/\/www.caririemacao.com\/1\/wp-json\/wp\/v2\/users\/1"}],"replies":[{"embeddable":true,"href":"https:\/\/www.caririemacao.com\/1\/wp-json\/wp\/v2\/comments?post=75810"}],"version-history":[{"count":1,"href":"https:\/\/www.caririemacao.com\/1\/wp-json\/wp\/v2\/posts\/75810\/revisions"}],"predecessor-version":[{"id":75811,"href":"https:\/\/www.caririemacao.com\/1\/wp-json\/wp\/v2\/posts\/75810\/revisions\/75811"}],"wp:featuredmedia":[{"embeddable":true,"href":"https:\/\/www.caririemacao.com\/1\/wp-json\/wp\/v2\/media\/7542"}],"wp:attachment":[{"href":"https:\/\/www.caririemacao.com\/1\/wp-json\/wp\/v2\/media?parent=75810"}],"wp:term":[{"taxonomy":"category","embeddable":true,"href":"https:\/\/www.caririemacao.com\/1\/wp-json\/wp\/v2\/categories?post=75810"},{"taxonomy":"post_tag","embeddable":true,"href":"https:\/\/www.caririemacao.com\/1\/wp-json\/wp\/v2\/tags?post=75810"}],"curies":[{"name":"wp","href":"https:\/\/api.w.org\/{rel}","templated":true}]}}