{"id":75816,"date":"2018-12-08T12:10:17","date_gmt":"2018-12-08T15:10:17","guid":{"rendered":"http:\/\/www.caririemacao.com\/1\/?p=75816"},"modified":"2018-12-08T12:10:17","modified_gmt":"2018-12-08T15:10:17","slug":"camara-de-sao-joao-do-cariri-realiza-ultima-sessao-de-2018","status":"publish","type":"post","link":"https:\/\/www.caririemacao.com\/1\/2018\/12\/08\/camara-de-sao-joao-do-cariri-realiza-ultima-sessao-de-2018\/","title":{"rendered":"C\u00e2mara de S\u00e3o Jo\u00e3o do Cariri realiza \u00faltima sess\u00e3o de 2018"},"content":{"rendered":"<p>A C\u00e2mara Municipal de S\u00e3o Jo\u00e3o do Cariri realizou na noite desta sexta-feira (07) a \u00faltima sess\u00e3o ordin\u00e1ria de 2018, encerrando inclusive a presid\u00eancia do vereador H\u00e9lio Coutinho de Morais. A \u00faltima sess\u00e3o ordin\u00e1ria no per\u00edodo contou com uma pauta bastante extensa, al\u00e9m de um debate caloroso, uma carater\u00edstica do parlamento s\u00e3ojo\u00e3oense.<\/p>\n<p><img fetchpriority=\"high\" decoding=\"async\" class=\"alignnone wp-image-75817 size-full\" src=\"http:\/\/www.caririemacao.com\/1\/wp-content\/uploads\/2018\/12\/DSC_0162-20181208.jpg\" alt=\"\" width=\"1600\" height=\"1067\" srcset=\"https:\/\/www.caririemacao.com\/1\/wp-content\/uploads\/2018\/12\/DSC_0162-20181208.jpg 1600w, https:\/\/www.caririemacao.com\/1\/wp-content\/uploads\/2018\/12\/DSC_0162-20181208-300x200.jpg 300w, https:\/\/www.caririemacao.com\/1\/wp-content\/uploads\/2018\/12\/DSC_0162-20181208-768x512.jpg 768w, https:\/\/www.caririemacao.com\/1\/wp-content\/uploads\/2018\/12\/DSC_0162-20181208-1024x683.jpg 1024w\" sizes=\"(max-width: 1600px) 100vw, 1600px\" \/><\/p>\n<p>Al\u00e9m dos vereadores, esteve presente na sess\u00e3o, o representante do assessor cont\u00e1bil do munic\u00edpio, Tallys, que prestou esclarecimentos sobre a LDO do exerc\u00edcio 2019, al\u00e9m da presen\u00e7a da professora Lana que veio falar da import\u00e2ncia do PL de N\u00ba 14\/2018, para o magist\u00e9rio do munic\u00edpio. O momento tamb\u00e9m foi marcado pela presen\u00e7a do vereador e secret\u00e1rio de infraestrutura, Alberto Gaud\u00eancio, futuro presidente da C\u00e2mara Municipal, bi\u00eanio 2019\/2020.<\/p>\n<p><img decoding=\"async\" class=\"alignnone wp-image-75825 size-thumbnail alignleft lazyload\" data-src=\"http:\/\/www.caririemacao.com\/1\/wp-content\/uploads\/2018\/12\/DSC_0183-20181208-150x150.jpg\" alt=\"\" width=\"150\" height=\"150\" src=\"data:image\/svg+xml;base64,PHN2ZyB3aWR0aD0iMSIgaGVpZ2h0PSIxIiB4bWxucz0iaHR0cDovL3d3dy53My5vcmcvMjAwMC9zdmciPjwvc3ZnPg==\" style=\"--smush-placeholder-width: 150px; --smush-placeholder-aspect-ratio: 150\/150;\" \/><img decoding=\"async\" class=\"alignnone wp-image-75826 size-thumbnail alignleft lazyload\" data-src=\"http:\/\/www.caririemacao.com\/1\/wp-content\/uploads\/2018\/12\/DSC_0214-20181208-150x150.jpg\" alt=\"\" width=\"150\" height=\"150\" src=\"data:image\/svg+xml;base64,PHN2ZyB3aWR0aD0iMSIgaGVpZ2h0PSIxIiB4bWxucz0iaHR0cDovL3d3dy53My5vcmcvMjAwMC9zdmciPjwvc3ZnPg==\" style=\"--smush-placeholder-width: 150px; --smush-placeholder-aspect-ratio: 150\/150;\" \/><img decoding=\"async\" class=\"alignnone wp-image-75827 size-thumbnail alignleft lazyload\" data-src=\"http:\/\/www.caririemacao.com\/1\/wp-content\/uploads\/2018\/12\/DSC_0174-20181208-e1544281449435-150x150.jpg\" alt=\"\" width=\"150\" height=\"150\" src=\"data:image\/svg+xml;base64,PHN2ZyB3aWR0aD0iMSIgaGVpZ2h0PSIxIiB4bWxucz0iaHR0cDovL3d3dy53My5vcmcvMjAwMC9zdmciPjwvc3ZnPg==\" style=\"--smush-placeholder-width: 150px; --smush-placeholder-aspect-ratio: 150\/150;\" \/><\/p>\n<p>&nbsp;<\/p>\n<p>&nbsp;<\/p>\n<p>&nbsp;<\/p>\n<p>&nbsp;<\/p>\n<p>&nbsp;<\/p>\n<p><strong>VEJA O QUE FOI APROVADO<\/strong><\/p>\n<p><img decoding=\"async\" class=\"alignnone wp-image-75822 size-full lazyload\" data-src=\"http:\/\/www.caririemacao.com\/1\/wp-content\/uploads\/2018\/12\/DSC_0190-20181208.jpg\" alt=\"\" width=\"1600\" height=\"1067\" data-srcset=\"https:\/\/www.caririemacao.com\/1\/wp-content\/uploads\/2018\/12\/DSC_0190-20181208.jpg 1600w, https:\/\/www.caririemacao.com\/1\/wp-content\/uploads\/2018\/12\/DSC_0190-20181208-300x200.jpg 300w, https:\/\/www.caririemacao.com\/1\/wp-content\/uploads\/2018\/12\/DSC_0190-20181208-768x512.jpg 768w, https:\/\/www.caririemacao.com\/1\/wp-content\/uploads\/2018\/12\/DSC_0190-20181208-1024x683.jpg 1024w\" data-sizes=\"(max-width: 1600px) 100vw, 1600px\" src=\"data:image\/svg+xml;base64,PHN2ZyB3aWR0aD0iMSIgaGVpZ2h0PSIxIiB4bWxucz0iaHR0cDovL3d3dy53My5vcmcvMjAwMC9zdmciPjwvc3ZnPg==\" style=\"--smush-placeholder-width: 1600px; --smush-placeholder-aspect-ratio: 1600\/1067;\" \/><\/p>\n<p>Romero Ramos solicitou da gest\u00e3o municipal a recupera\u00e7\u00e3o das estradas do Distrito Malhada da Ro\u00e7a. O vereador tamb\u00e9m requereu ao governo municipal um carro que possa ficar a disposi\u00e7\u00e3o das pessoas que fazem tratamento m\u00e9dico no Distrito Malhada da Ro\u00e7a. Romero ainda encaminhou uma solicita\u00e7\u00e3o \u00e0 secretaria de infraestrutura, pedindo que sejam feitas obras no sentido de construir o piso, al\u00e9m de realizar a instala\u00e7\u00e3o da ilumina\u00e7\u00e3o da Pra\u00e7a no Distrito Malhada da Ro\u00e7a. Romero ainda encaminhou uma solicita\u00e7\u00e3o a Secretaria de Transportes para que a mesma autorize que o ve\u00edculo, destinado a transporta pacientes que v\u00e3o realizar exames ou tratamento em outras cidades, que ao retornar ao munic\u00edpio possa deixar os moradores da comunidade, rural de Riacho do Salgado, em suas resid\u00eancias.<\/p>\n<p><img decoding=\"async\" class=\"alignnone wp-image-75823 size-full lazyload\" data-src=\"http:\/\/www.caririemacao.com\/1\/wp-content\/uploads\/2018\/12\/DSC_0196-20181208.jpg\" alt=\"\" width=\"1600\" height=\"1067\" data-srcset=\"https:\/\/www.caririemacao.com\/1\/wp-content\/uploads\/2018\/12\/DSC_0196-20181208.jpg 1600w, https:\/\/www.caririemacao.com\/1\/wp-content\/uploads\/2018\/12\/DSC_0196-20181208-300x200.jpg 300w, https:\/\/www.caririemacao.com\/1\/wp-content\/uploads\/2018\/12\/DSC_0196-20181208-768x512.jpg 768w, https:\/\/www.caririemacao.com\/1\/wp-content\/uploads\/2018\/12\/DSC_0196-20181208-1024x683.jpg 1024w\" data-sizes=\"(max-width: 1600px) 100vw, 1600px\" src=\"data:image\/svg+xml;base64,PHN2ZyB3aWR0aD0iMSIgaGVpZ2h0PSIxIiB4bWxucz0iaHR0cDovL3d3dy53My5vcmcvMjAwMC9zdmciPjwvc3ZnPg==\" style=\"--smush-placeholder-width: 1600px; --smush-placeholder-aspect-ratio: 1600\/1067;\" \/><\/p>\n<p>O vereador Chic\u00e3o Medeiros solicitou ao prefeito Cosme Gon\u00e7alves que seja feito um levantamento dos pr\u00e9dios p\u00fablicos do Munic\u00edpio, a fim de evitar alugu\u00e9is de pr\u00e9dios particulares, o que evitaria gastos desnecess\u00e1rios.<\/p>\n<p><img decoding=\"async\" class=\"aligncenter wp-image-75820 size-full lazyload\" data-src=\"http:\/\/www.caririemacao.com\/1\/wp-content\/uploads\/2018\/12\/DSC_0167-20181208.jpg\" alt=\"\" width=\"1600\" height=\"1067\" data-srcset=\"https:\/\/www.caririemacao.com\/1\/wp-content\/uploads\/2018\/12\/DSC_0167-20181208.jpg 1600w, https:\/\/www.caririemacao.com\/1\/wp-content\/uploads\/2018\/12\/DSC_0167-20181208-300x200.jpg 300w, https:\/\/www.caririemacao.com\/1\/wp-content\/uploads\/2018\/12\/DSC_0167-20181208-768x512.jpg 768w, https:\/\/www.caririemacao.com\/1\/wp-content\/uploads\/2018\/12\/DSC_0167-20181208-1024x683.jpg 1024w\" data-sizes=\"(max-width: 1600px) 100vw, 1600px\" src=\"data:image\/svg+xml;base64,PHN2ZyB3aWR0aD0iMSIgaGVpZ2h0PSIxIiB4bWxucz0iaHR0cDovL3d3dy53My5vcmcvMjAwMC9zdmciPjwvc3ZnPg==\" style=\"--smush-placeholder-width: 1600px; --smush-placeholder-aspect-ratio: 1600\/1067;\" \/><\/p>\n<p>O vereador presidente, H\u00e9lio Morais, apresentou um voto de pesar em nome de Jo\u00e3o Ramos de Oliveira.<\/p>\n<p>Tamb\u00e9m foi aprovado um voto de pesar de autoria da mesa diretora em nome de Ant\u00f4nio Fernando Medeiros.<\/p>\n<p>Ainda durante a reuni\u00e3o, vereadores tamb\u00e9m aprovaram dois projetos de lei (PL) do Poder Executivo, o primeiro deles o PL de N\u00ba 14\/2018, que altera a lei municipal n\u00ba 455, de 23 de fevereiro de 2011. A lei trata sobre o quadro ocupacional do magist\u00e9rio.<\/p>\n<p>Tamb\u00e9m foi aprovado o PL N\u00ba 15 \/2018, que amplia o per\u00edmetro urbano da cidade de S\u00e3o Jo\u00e3o do Cariri, de acordo com as novas coordenadas geogr\u00e1ficas sugeridas pelo IBGE.<\/p>\n<p><img decoding=\"async\" class=\"aligncenter wp-image-75828 size-full lazyload\" data-src=\"http:\/\/www.caririemacao.com\/1\/wp-content\/uploads\/2018\/12\/DSC_0239-20181208.jpg\" alt=\"\" width=\"1600\" height=\"1067\" data-srcset=\"https:\/\/www.caririemacao.com\/1\/wp-content\/uploads\/2018\/12\/DSC_0239-20181208.jpg 1600w, https:\/\/www.caririemacao.com\/1\/wp-content\/uploads\/2018\/12\/DSC_0239-20181208-300x200.jpg 300w, https:\/\/www.caririemacao.com\/1\/wp-content\/uploads\/2018\/12\/DSC_0239-20181208-768x512.jpg 768w, https:\/\/www.caririemacao.com\/1\/wp-content\/uploads\/2018\/12\/DSC_0239-20181208-1024x683.jpg 1024w\" data-sizes=\"(max-width: 1600px) 100vw, 1600px\" src=\"data:image\/svg+xml;base64,PHN2ZyB3aWR0aD0iMSIgaGVpZ2h0PSIxIiB4bWxucz0iaHR0cDovL3d3dy53My5vcmcvMjAwMC9zdmciPjwvc3ZnPg==\" style=\"--smush-placeholder-width: 1600px; --smush-placeholder-aspect-ratio: 1600\/1067;\" \/><\/p>\n<p>Foi aprovado tamb\u00e9m o PL 13 \/2018, de autoria de Francisco J\u00fanior, que autoriza ao Executivo Municipal, a conceder im\u00f3veis pertencentes ao Patrim\u00f4nio P\u00fablico Municipal a pessoas f\u00edsicas e jur\u00eddicas que tenham interesses em fomentar o com\u00e9rcio, ind\u00fastria ou servi\u00e7os na cidade.<\/p>\n<p>O parlamento tamb\u00e9m aprovou dois projetos de lei de autoria do vereador presidente H\u00e9lio Morais, que concede o nome de duas ruas novas do munic\u00edpio de Jos\u00e9 de Farias Tavares e Severino Eilson Ramos.<\/p>\n<p>Ainda foi aprovada a Lei Or\u00e7ament\u00e1ria Anual (LOA) para o exerc\u00edcio 2019.<\/p>\n<p><img decoding=\"async\" class=\"alignnone wp-image-75819 size-full lazyload\" data-src=\"http:\/\/www.caririemacao.com\/1\/wp-content\/uploads\/2018\/12\/DSC_0163-20181208.jpg\" alt=\"\" width=\"1600\" height=\"1067\" data-srcset=\"https:\/\/www.caririemacao.com\/1\/wp-content\/uploads\/2018\/12\/DSC_0163-20181208.jpg 1600w, https:\/\/www.caririemacao.com\/1\/wp-content\/uploads\/2018\/12\/DSC_0163-20181208-300x200.jpg 300w, https:\/\/www.caririemacao.com\/1\/wp-content\/uploads\/2018\/12\/DSC_0163-20181208-768x512.jpg 768w, https:\/\/www.caririemacao.com\/1\/wp-content\/uploads\/2018\/12\/DSC_0163-20181208-1024x683.jpg 1024w\" data-sizes=\"(max-width: 1600px) 100vw, 1600px\" src=\"data:image\/svg+xml;base64,PHN2ZyB3aWR0aD0iMSIgaGVpZ2h0PSIxIiB4bWxucz0iaHR0cDovL3d3dy53My5vcmcvMjAwMC9zdmciPjwvc3ZnPg==\" style=\"--smush-placeholder-width: 1600px; --smush-placeholder-aspect-ratio: 1600\/1067;\" \/><\/p>\n<p>O final da reuni\u00e3o foi marcada pelos agradecimentos do vereador H\u00e9lio Morais que deixa o cargo de presidente no dia 31 deste m\u00eas. Ele fez quest\u00e3o de agradecer e destacar a import\u00e2ncia de cada funcion\u00e1rios e prestadores de servi\u00e7os que contribu\u00edram para o sucesso de sua gest\u00e3o.<\/p>\n<p>J\u00e1 na tribuna, o vereador Francisco J\u00fanior fez um balan\u00e7o de sua atua\u00e7\u00e3o parlamentar durante esses dois anos que esteve como vereador, substituindo Beto Gaud\u00eancio, que estava como secret\u00e1rio municipal. Francisco, quem \u00e9 suplente de vereador, disse que mesmo sem mandato a partir de janeiro vai continuar lutando em defesa da popula\u00e7\u00e3o.<\/p>\n<h3 style=\"text-align: center;\"><a href=\"https:\/\/www.facebook.com\/pg\/CaririEmAcao\/photos\/?tab=album&amp;album_id=1424488404353845\">C\u00e2mara de S\u00e3o Jo\u00e3o do Cariri realiza \u00faltima sess\u00e3o ordin\u00e1ria.<\/a><\/h3>\n<p><div class=\"ose- ose-uid-36034d81b15281793ca19706366ee739 ose-embedpress-responsive\" style=\"width:600px; height:550px; max-height:550px; max-width:100%; display:inline-block;\" data-embed-type=\"Facebook\"><iframe allowFullScreen=\"true\" class=\"embera-facebook-iframe-fc2d3 lazyload\" data-src=\"https:\/\/www.facebook.com\/plugins\/post.php?href=https%3A%2F%2Fwww.facebook.com%2Fmedia%2Fset%2F%3Fset%3Da.1424488404353845%26%23038%3Btype%3D1%26%23038%3Bl%3D036a8d3a01&width=600&height=550&show_text=true\" width=\"600\" height=\"550\" style=\"border:none;overflow:hidden\" scrolling=\"no\" frameborder=\"0\" allowTransparency=\"true\" src=\"data:image\/svg+xml;base64,PHN2ZyB3aWR0aD0iMSIgaGVpZ2h0PSIxIiB4bWxucz0iaHR0cDovL3d3dy53My5vcmcvMjAwMC9zdmciPjwvc3ZnPg==\" data-load-mode=\"1\"><\/iframe><\/div><\/p>\n<p style=\"text-align: right;\"><em><strong>Reda\u00e7\u00e3o Cariri em A\u00e7\u00e3o\u00a0<\/strong><\/em><\/p>\n","protected":false},"excerpt":{"rendered":"<p>A C\u00e2mara Municipal de S\u00e3o Jo\u00e3o do Cariri realizou na noite desta sexta-feira (07) a \u00faltima sess\u00e3o ordin\u00e1ria de 2018, encerrando inclusive a presid\u00eancia do&hellip; <\/p>\n","protected":false},"author":1,"featured_media":75824,"comment_status":"closed","ping_status":"closed","sticky":false,"template":"","format":"standard","meta":{"sfsi_plus_gutenberg_text_before_share":"","sfsi_plus_gutenberg_show_text_before_share":"","sfsi_plus_gutenberg_icon_type":"","sfsi_plus_gutenberg_icon_alignemt":"","sfsi_plus_gutenburg_max_per_row":"","footnotes":""},"categories":[50,2],"tags":[],"class_list":["post-75816","post","type-post","status-publish","format-standard","has-post-thumbnail","hentry","category-destaque","category-geral"],"_links":{"self":[{"href":"https:\/\/www.caririemacao.com\/1\/wp-json\/wp\/v2\/posts\/75816","targetHints":{"allow":["GET"]}}],"collection":[{"href":"https:\/\/www.caririemacao.com\/1\/wp-json\/wp\/v2\/posts"}],"about":[{"href":"https:\/\/www.caririemacao.com\/1\/wp-json\/wp\/v2\/types\/post"}],"author":[{"embeddable":true,"href":"https:\/\/www.caririemacao.com\/1\/wp-json\/wp\/v2\/users\/1"}],"replies":[{"embeddable":true,"href":"https:\/\/www.caririemacao.com\/1\/wp-json\/wp\/v2\/comments?post=75816"}],"version-history":[{"count":2,"href":"https:\/\/www.caririemacao.com\/1\/wp-json\/wp\/v2\/posts\/75816\/revisions"}],"predecessor-version":[{"id":75831,"href":"https:\/\/www.caririemacao.com\/1\/wp-json\/wp\/v2\/posts\/75816\/revisions\/75831"}],"wp:featuredmedia":[{"embeddable":true,"href":"https:\/\/www.caririemacao.com\/1\/wp-json\/wp\/v2\/media\/75824"}],"wp:attachment":[{"href":"https:\/\/www.caririemacao.com\/1\/wp-json\/wp\/v2\/media?parent=75816"}],"wp:term":[{"taxonomy":"category","embeddable":true,"href":"https:\/\/www.caririemacao.com\/1\/wp-json\/wp\/v2\/categories?post=75816"},{"taxonomy":"post_tag","embeddable":true,"href":"https:\/\/www.caririemacao.com\/1\/wp-json\/wp\/v2\/tags?post=75816"}],"curies":[{"name":"wp","href":"https:\/\/api.w.org\/{rel}","templated":true}]}}