{"id":75840,"date":"2018-12-08T14:20:22","date_gmt":"2018-12-08T17:20:22","guid":{"rendered":"http:\/\/www.caririemacao.com\/1\/?p=75840"},"modified":"2018-12-08T14:20:22","modified_gmt":"2018-12-08T17:20:22","slug":"ricardo-ve-como-normal-decisao-de-joao-manter-atuais-secretarios","status":"publish","type":"post","link":"https:\/\/www.caririemacao.com\/1\/2018\/12\/08\/ricardo-ve-como-normal-decisao-de-joao-manter-atuais-secretarios\/","title":{"rendered":"Ricardo v\u00ea como \u2018normal\u2019 decis\u00e3o de Jo\u00e3o manter atuais secret\u00e1rios"},"content":{"rendered":"<p>O governador Ricardo Coutinho (PSB) viu com naturalidade a decis\u00e3o do governador eleito da Para\u00edba, Jo\u00e3o Azev\u00eado (PSB), em manter a maioria dos atuais secret\u00e1rios para a pr\u00f3xima gest\u00e3o.<\/p>\n<p>Para Coutinho, a decis\u00e3o mostra que n\u00e3o h\u00e1 altern\u00e2ncia de Governo, mas sim continuidade no \u2018projeto\u2019 eleito em outubro.<\/p>\n<p>\u201cSe a popula\u00e7\u00e3o quisesse ter mudan\u00e7a, tinha votado nos outros, mas votou em Jo\u00e3o, porque sabe que o Estado est\u00e1 equilibrado. Jo\u00e3o fez o secretariado ao lado de L\u00edgia da forma que ele queria. Nada mais natural que ele mantenha as diretrizes em fazer mudan\u00e7as ou perman\u00eancias\u201d, disse.<\/p>\n<p>O governador voltou a afirmar que n\u00e3o pretende fazer parte do governo de Jo\u00e3o, mas estar\u00e1 presente de forma indireta na gest\u00e3o. \u201cEu vou dar minha contribui\u00e7\u00e3o, onde eu esteja\u201d, pontuou.<\/p>\n<p><strong>MaisPB<\/strong><\/p>\n","protected":false},"excerpt":{"rendered":"<p>O governador Ricardo Coutinho (PSB) viu com naturalidade a decis\u00e3o do governador eleito da Para\u00edba, Jo\u00e3o Azev\u00eado (PSB), em manter a maioria dos atuais secret\u00e1rios&hellip; <\/p>\n","protected":false},"author":1,"featured_media":70692,"comment_status":"closed","ping_status":"closed","sticky":false,"template":"","format":"standard","meta":{"sfsi_plus_gutenberg_text_before_share":"","sfsi_plus_gutenberg_show_text_before_share":"","sfsi_plus_gutenberg_icon_type":"","sfsi_plus_gutenberg_icon_alignemt":"","sfsi_plus_gutenburg_max_per_row":"","footnotes":""},"categories":[11],"tags":[],"class_list":["post-75840","post","type-post","status-publish","format-standard","has-post-thumbnail","hentry","category-politica"],"_links":{"self":[{"href":"https:\/\/www.caririemacao.com\/1\/wp-json\/wp\/v2\/posts\/75840","targetHints":{"allow":["GET"]}}],"collection":[{"href":"https:\/\/www.caririemacao.com\/1\/wp-json\/wp\/v2\/posts"}],"about":[{"href":"https:\/\/www.caririemacao.com\/1\/wp-json\/wp\/v2\/types\/post"}],"author":[{"embeddable":true,"href":"https:\/\/www.caririemacao.com\/1\/wp-json\/wp\/v2\/users\/1"}],"replies":[{"embeddable":true,"href":"https:\/\/www.caririemacao.com\/1\/wp-json\/wp\/v2\/comments?post=75840"}],"version-history":[{"count":1,"href":"https:\/\/www.caririemacao.com\/1\/wp-json\/wp\/v2\/posts\/75840\/revisions"}],"predecessor-version":[{"id":75841,"href":"https:\/\/www.caririemacao.com\/1\/wp-json\/wp\/v2\/posts\/75840\/revisions\/75841"}],"wp:featuredmedia":[{"embeddable":true,"href":"https:\/\/www.caririemacao.com\/1\/wp-json\/wp\/v2\/media\/70692"}],"wp:attachment":[{"href":"https:\/\/www.caririemacao.com\/1\/wp-json\/wp\/v2\/media?parent=75840"}],"wp:term":[{"taxonomy":"category","embeddable":true,"href":"https:\/\/www.caririemacao.com\/1\/wp-json\/wp\/v2\/categories?post=75840"},{"taxonomy":"post_tag","embeddable":true,"href":"https:\/\/www.caririemacao.com\/1\/wp-json\/wp\/v2\/tags?post=75840"}],"curies":[{"name":"wp","href":"https:\/\/api.w.org\/{rel}","templated":true}]}}