{"id":75842,"date":"2018-12-08T14:21:57","date_gmt":"2018-12-08T17:21:57","guid":{"rendered":"http:\/\/www.caririemacao.com\/1\/?p=75842"},"modified":"2018-12-08T14:21:57","modified_gmt":"2018-12-08T17:21:57","slug":"ligia-espera-tratamento-justo-de-bolsonaro-com-a-pb","status":"publish","type":"post","link":"https:\/\/www.caririemacao.com\/1\/2018\/12\/08\/ligia-espera-tratamento-justo-de-bolsonaro-com-a-pb\/","title":{"rendered":"L\u00edgia espera tratamento \u2018justo\u2019 de Bolsonaro com a PB"},"content":{"rendered":"<p>A vice-governadora L\u00edgia Feliciano (PDT) espera tratamento igualit\u00e1rio do presidente eleito, Jair Bolsonaro (PSL), com a Para\u00edba em rela\u00e7\u00e3o aos estados aliados que ser\u00e3o aliados do Governo Federal a partir do pr\u00f3ximo ano.<\/p>\n<p>Em entrevista ao\u00a0<strong>Portal MaisPB<\/strong>, neste s\u00e1bado (08), ela afirmou que mesmo com a diverg\u00eancia de pensamentos entre o governador eleito, Jo\u00e3o Azev\u00eado (PSB), e o futuro presidente, o estado n\u00e3o pode sofrer consequ\u00eancias.<\/p>\n<p>\u201cN\u00f3s temos ideias diferentes, mas esperamos uma rela\u00e7\u00e3o institucional respeitosa e que a nossa Para\u00edba tenha o tratamento igualit\u00e1rio aos demais. Precisamos lutar para que tenhamos o mesmo tratamento dos estados do Sul e Sudeste\u201d, disse.<\/p>\n<p><strong>Albemar Santos \u2013 MaisPB<\/strong><\/p>\n","protected":false},"excerpt":{"rendered":"<p>A vice-governadora L\u00edgia Feliciano (PDT) espera tratamento igualit\u00e1rio do presidente eleito, Jair Bolsonaro (PSL), com a Para\u00edba em rela\u00e7\u00e3o aos estados aliados que ser\u00e3o aliados&hellip; <\/p>\n","protected":false},"author":1,"featured_media":41330,"comment_status":"closed","ping_status":"closed","sticky":false,"template":"","format":"standard","meta":{"sfsi_plus_gutenberg_text_before_share":"","sfsi_plus_gutenberg_show_text_before_share":"","sfsi_plus_gutenberg_icon_type":"","sfsi_plus_gutenberg_icon_alignemt":"","sfsi_plus_gutenburg_max_per_row":"","footnotes":""},"categories":[11],"tags":[],"class_list":["post-75842","post","type-post","status-publish","format-standard","has-post-thumbnail","hentry","category-politica"],"_links":{"self":[{"href":"https:\/\/www.caririemacao.com\/1\/wp-json\/wp\/v2\/posts\/75842","targetHints":{"allow":["GET"]}}],"collection":[{"href":"https:\/\/www.caririemacao.com\/1\/wp-json\/wp\/v2\/posts"}],"about":[{"href":"https:\/\/www.caririemacao.com\/1\/wp-json\/wp\/v2\/types\/post"}],"author":[{"embeddable":true,"href":"https:\/\/www.caririemacao.com\/1\/wp-json\/wp\/v2\/users\/1"}],"replies":[{"embeddable":true,"href":"https:\/\/www.caririemacao.com\/1\/wp-json\/wp\/v2\/comments?post=75842"}],"version-history":[{"count":1,"href":"https:\/\/www.caririemacao.com\/1\/wp-json\/wp\/v2\/posts\/75842\/revisions"}],"predecessor-version":[{"id":75843,"href":"https:\/\/www.caririemacao.com\/1\/wp-json\/wp\/v2\/posts\/75842\/revisions\/75843"}],"wp:featuredmedia":[{"embeddable":true,"href":"https:\/\/www.caririemacao.com\/1\/wp-json\/wp\/v2\/media\/41330"}],"wp:attachment":[{"href":"https:\/\/www.caririemacao.com\/1\/wp-json\/wp\/v2\/media?parent=75842"}],"wp:term":[{"taxonomy":"category","embeddable":true,"href":"https:\/\/www.caririemacao.com\/1\/wp-json\/wp\/v2\/categories?post=75842"},{"taxonomy":"post_tag","embeddable":true,"href":"https:\/\/www.caririemacao.com\/1\/wp-json\/wp\/v2\/tags?post=75842"}],"curies":[{"name":"wp","href":"https:\/\/api.w.org\/{rel}","templated":true}]}}