{"id":75844,"date":"2018-12-08T14:23:11","date_gmt":"2018-12-08T17:23:11","guid":{"rendered":"http:\/\/www.caririemacao.com\/1\/?p=75844"},"modified":"2018-12-08T14:23:11","modified_gmt":"2018-12-08T17:23:11","slug":"aposentados-vao-ter-que-fazer-prova-de-vida","status":"publish","type":"post","link":"https:\/\/www.caririemacao.com\/1\/2018\/12\/08\/aposentados-vao-ter-que-fazer-prova-de-vida\/","title":{"rendered":"Aposentados v\u00e3o ter que fazer \u2018prova de vida\u2019"},"content":{"rendered":"<p>Os aposentados e pensionistas cujo\u00a0benef\u00edcios previdenci\u00e1rios s\u00e3o geridos pela Para\u00edba Previd\u00eancia-PBPREV, ter\u00e3o que realizar a prova de vida anual junto aos bancos para comprovar que est\u00e3o vivos e aptos a receberem os valores pagos pelo Governo do Estado.\u00a0A n\u00e3o prova de vida pode acarretar no bloqueio do benef\u00edcio, que s\u00f3 ser\u00e1 restabelecido ap\u00f3s a regulariza\u00e7\u00e3o.<\/p>\n<p>O decreto foi institu\u00eddo pelo governador Ricardo Coutinho (PSB) e publicado na edi\u00e7\u00e3o deste s\u00e1bado (08) do Di\u00e1rio Oficial do Estado.<\/p>\n<p>Na publica\u00e7\u00e3o fica estabelecida que a medida funcionar\u00e1 a partir de janeiro do pr\u00f3ximo ano. O benefici\u00e1rio ter\u00e1 que procurar o banco o qual gere o seu pagamento dentro do m\u00eas de anivers\u00e1rio, entre os dias 11 e 25, por exemplo: quem nasceu em abril ter\u00e1 que se dirigir at\u00e9 a institui\u00e7\u00e3o financeira entre os dias 11 e 25 de abril.<\/p>\n<p>Para que a comprova\u00e7\u00e3o de vida seja validada, os aposentados ou pensionistas ter\u00e3o que apresentar um documento oficial que esteja sem rasuras e leg\u00edveis, ser\u00e3o aceitos: RG, Carteira Nacional de Habilita\u00e7\u00e3o, Carteira de Trabalho, Passaporte, Carteira de Reservista ou Carteira de Identifica\u00e7\u00e3o de Entidade de Classe.<\/p>\n<p>A prova de vida tamb\u00e9m poder\u00e1 ser feita por um curador, tutor, procurador ou representante legal do benefici\u00e1rio, desde que esteja com a documenta\u00e7\u00e3o necess\u00e1ria para comprovar que \u00e9 respons\u00e1vel de um benefici\u00e1rio que n\u00e3o tenha condi\u00e7\u00f5es de ir ao banco por doen\u00e7a grave, impossibilidade de locomo\u00e7\u00e3o, declarado incapaz ou resida no exterior.<\/p>\n<p><strong>MaisPB<\/strong><\/p>\n","protected":false},"excerpt":{"rendered":"<p>Os aposentados e pensionistas cujo\u00a0benef\u00edcios previdenci\u00e1rios s\u00e3o geridos pela Para\u00edba Previd\u00eancia-PBPREV, ter\u00e3o que realizar a prova de vida anual junto aos bancos para comprovar que&hellip; <\/p>\n","protected":false},"author":1,"featured_media":40097,"comment_status":"closed","ping_status":"closed","sticky":false,"template":"","format":"standard","meta":{"sfsi_plus_gutenberg_text_before_share":"","sfsi_plus_gutenberg_show_text_before_share":"","sfsi_plus_gutenberg_icon_type":"","sfsi_plus_gutenberg_icon_alignemt":"","sfsi_plus_gutenburg_max_per_row":"","footnotes":""},"categories":[50,2],"tags":[],"class_list":["post-75844","post","type-post","status-publish","format-standard","has-post-thumbnail","hentry","category-destaque","category-geral"],"_links":{"self":[{"href":"https:\/\/www.caririemacao.com\/1\/wp-json\/wp\/v2\/posts\/75844","targetHints":{"allow":["GET"]}}],"collection":[{"href":"https:\/\/www.caririemacao.com\/1\/wp-json\/wp\/v2\/posts"}],"about":[{"href":"https:\/\/www.caririemacao.com\/1\/wp-json\/wp\/v2\/types\/post"}],"author":[{"embeddable":true,"href":"https:\/\/www.caririemacao.com\/1\/wp-json\/wp\/v2\/users\/1"}],"replies":[{"embeddable":true,"href":"https:\/\/www.caririemacao.com\/1\/wp-json\/wp\/v2\/comments?post=75844"}],"version-history":[{"count":1,"href":"https:\/\/www.caririemacao.com\/1\/wp-json\/wp\/v2\/posts\/75844\/revisions"}],"predecessor-version":[{"id":75845,"href":"https:\/\/www.caririemacao.com\/1\/wp-json\/wp\/v2\/posts\/75844\/revisions\/75845"}],"wp:featuredmedia":[{"embeddable":true,"href":"https:\/\/www.caririemacao.com\/1\/wp-json\/wp\/v2\/media\/40097"}],"wp:attachment":[{"href":"https:\/\/www.caririemacao.com\/1\/wp-json\/wp\/v2\/media?parent=75844"}],"wp:term":[{"taxonomy":"category","embeddable":true,"href":"https:\/\/www.caririemacao.com\/1\/wp-json\/wp\/v2\/categories?post=75844"},{"taxonomy":"post_tag","embeddable":true,"href":"https:\/\/www.caririemacao.com\/1\/wp-json\/wp\/v2\/tags?post=75844"}],"curies":[{"name":"wp","href":"https:\/\/api.w.org\/{rel}","templated":true}]}}