{"id":75846,"date":"2018-12-08T14:25:28","date_gmt":"2018-12-08T17:25:28","guid":{"rendered":"http:\/\/www.caririemacao.com\/1\/?p=75846"},"modified":"2018-12-08T14:25:28","modified_gmt":"2018-12-08T17:25:28","slug":"joao-azevedo-a-equipe-que-se-renovem-e-se-reinventem-enquanto-gestores","status":"publish","type":"post","link":"https:\/\/www.caririemacao.com\/1\/2018\/12\/08\/joao-azevedo-a-equipe-que-se-renovem-e-se-reinventem-enquanto-gestores\/","title":{"rendered":"Jo\u00e3o Azevedo \u00e0 equipe: \u201cQue se renovem e se reinventem enquanto gestores\u201d"},"content":{"rendered":"<p>Ao anunciar ontem os nomes que v\u00e3o auxili\u00e1-lo, Jo\u00e3o Azevedo sublinhou que fez as escolhas com o intuito \u201cmanter a unidade de um time que jogou muito bem, e sob o comando do governador Ricardo Coutinho deu os resultados que a Para\u00edba esperava. A Para\u00edba reconheceu isso atrav\u00e9s do processo de elei\u00e7\u00e3o, numa campanha extremamente bonita\u201d.<\/p>\n<p>\u201cNa Para\u00edba a democracia se fez presente na sua forma mais vigorosa. Foi um reconhecimento da for\u00e7a do trabalho e da forma de fazer gest\u00e3o que foi instalada em 2011 com a chegada de Ricardo Coutinho\u201d, enfatizou Azevedo, para emendar que \u201cdar continuidade a esse trabalho, al\u00e9m de uma miss\u00e3o, \u00e9 a obriga\u00e7\u00e3o de um conjunto de pessoas que se envolveram na constru\u00e7\u00e3o desse projeto\u201d.<\/p>\n<p>\u201cPor isso, esse an\u00fancio n\u00e3o traz novidade, at\u00e9 porque \u00e9 importante entender que \u00e9 um projeto de continuidade\u201d, adendou<\/p>\n<p>Ao final de suas palavras, o governador eleito acentuou que \u201co importante \u00e9 que eu irei cobrar com muita for\u00e7a e veem\u00eancia\u201d da equipe de auxiliares.<\/p>\n<p>Ele finalizou com um recado s\u00fatil: \u201cPara aqueles que est\u00e3o sendo reconduzidos, que se renovem e se reinventem enquanto gestores\u201d.<\/p>\n<p>&nbsp;<\/p>\n<p>Para\u00edba Online<\/p>\n","protected":false},"excerpt":{"rendered":"<p>Ao anunciar ontem os nomes que v\u00e3o auxili\u00e1-lo, Jo\u00e3o Azevedo sublinhou que fez as escolhas com o intuito \u201cmanter a unidade de um time que&hellip; <\/p>\n","protected":false},"author":1,"featured_media":59625,"comment_status":"closed","ping_status":"closed","sticky":false,"template":"","format":"standard","meta":{"sfsi_plus_gutenberg_text_before_share":"","sfsi_plus_gutenberg_show_text_before_share":"","sfsi_plus_gutenberg_icon_type":"","sfsi_plus_gutenberg_icon_alignemt":"","sfsi_plus_gutenburg_max_per_row":"","footnotes":""},"categories":[11],"tags":[],"class_list":["post-75846","post","type-post","status-publish","format-standard","has-post-thumbnail","hentry","category-politica"],"_links":{"self":[{"href":"https:\/\/www.caririemacao.com\/1\/wp-json\/wp\/v2\/posts\/75846","targetHints":{"allow":["GET"]}}],"collection":[{"href":"https:\/\/www.caririemacao.com\/1\/wp-json\/wp\/v2\/posts"}],"about":[{"href":"https:\/\/www.caririemacao.com\/1\/wp-json\/wp\/v2\/types\/post"}],"author":[{"embeddable":true,"href":"https:\/\/www.caririemacao.com\/1\/wp-json\/wp\/v2\/users\/1"}],"replies":[{"embeddable":true,"href":"https:\/\/www.caririemacao.com\/1\/wp-json\/wp\/v2\/comments?post=75846"}],"version-history":[{"count":1,"href":"https:\/\/www.caririemacao.com\/1\/wp-json\/wp\/v2\/posts\/75846\/revisions"}],"predecessor-version":[{"id":75847,"href":"https:\/\/www.caririemacao.com\/1\/wp-json\/wp\/v2\/posts\/75846\/revisions\/75847"}],"wp:featuredmedia":[{"embeddable":true,"href":"https:\/\/www.caririemacao.com\/1\/wp-json\/wp\/v2\/media\/59625"}],"wp:attachment":[{"href":"https:\/\/www.caririemacao.com\/1\/wp-json\/wp\/v2\/media?parent=75846"}],"wp:term":[{"taxonomy":"category","embeddable":true,"href":"https:\/\/www.caririemacao.com\/1\/wp-json\/wp\/v2\/categories?post=75846"},{"taxonomy":"post_tag","embeddable":true,"href":"https:\/\/www.caririemacao.com\/1\/wp-json\/wp\/v2\/tags?post=75846"}],"curies":[{"name":"wp","href":"https:\/\/api.w.org\/{rel}","templated":true}]}}