{"id":75848,"date":"2018-12-08T14:34:05","date_gmt":"2018-12-08T17:34:05","guid":{"rendered":"http:\/\/www.caririemacao.com\/1\/?p=75848"},"modified":"2018-12-08T14:34:05","modified_gmt":"2018-12-08T17:34:05","slug":"tres-assassinatos-sao-registrados-no-sertao-em-menos-de-12h","status":"publish","type":"post","link":"https:\/\/www.caririemacao.com\/1\/2018\/12\/08\/tres-assassinatos-sao-registrados-no-sertao-em-menos-de-12h\/","title":{"rendered":"Tr\u00eas assassinatos s\u00e3o registrados no Sert\u00e3o em menos de 12h"},"content":{"rendered":"<p>Tr\u00eas assassinatos foram registrados no Sert\u00e3o em menos de 12 horas. Inicialmente um jovem foi morto a tiros na serra de Jo\u00e3o Dias, na zona rural de Catol\u00e9 do Rocha, sert\u00e3o paraibano.<\/p>\n<p>O jovem de 28 anos de idade, \u00a0foi alvejado com v\u00e1rios disparos de espingarda calibre 12 e de pistola 380, nas proximidades da capelinha que fica na serra. Os tiros acertaram principalmente a cabe\u00e7a da v\u00edtima, que teve o rosto desfigurado e morreu no local.<\/p>\n<p>Pr\u00f3ximo ao corpo da v\u00edtima, que era natural de Ant\u00f4nio Martins-RN e residia em Jo\u00e3o Dias-RN, foram encontrados v\u00e1rios cartuchos, uma moto Honda Titan vermelha e um capacete.<\/p>\n<p>N\u00e3o h\u00e1 informa\u00e7\u00f5es sobre autoria nem motiva\u00e7\u00f5es do crime.<\/p>\n<p>Foi o 7\u00ba assassinato no munic\u00edpio de Catol\u00e9 do Rocha no ano de 2018. O \u00faltimo havia sido no dia 27 de novembro no bairro Tancredo Neves.<\/p>\n<p>Em Jeric\u00f3, um duplo homic\u00eddio foi registrado no in\u00edcio da manh\u00e3 deste s\u00e1bado na cidade.\u00a0Segundo informa\u00e7\u00f5es, dois jovens identificados como Mateus e Marcos foram mortos a tiros na frente de uma resid\u00eancia.<\/p>\n<p>Um dos jovens caiu sobre os batentes da entrada da casa, e o outro n\u00e3o teve tempo nem de descer da motocicleta.\u00a0Ainda n\u00e3o h\u00e1 informa\u00e7\u00f5es sobre motiva\u00e7\u00f5es nem autoria. A Pol\u00edcia Militar fez buscas mas n\u00e3o conseguiu localizar e prender os assassinos.<\/p>\n<p>&nbsp;<\/p>\n<p>PBAgora<\/p>\n","protected":false},"excerpt":{"rendered":"<p>Tr\u00eas assassinatos foram registrados no Sert\u00e3o em menos de 12 horas. Inicialmente um jovem foi morto a tiros na serra de Jo\u00e3o Dias, na zona&hellip; <\/p>\n","protected":false},"author":1,"featured_media":33318,"comment_status":"closed","ping_status":"closed","sticky":false,"template":"","format":"standard","meta":{"sfsi_plus_gutenberg_text_before_share":"","sfsi_plus_gutenberg_show_text_before_share":"","sfsi_plus_gutenberg_icon_type":"","sfsi_plus_gutenberg_icon_alignemt":"","sfsi_plus_gutenburg_max_per_row":"","footnotes":""},"categories":[12],"tags":[],"class_list":["post-75848","post","type-post","status-publish","format-standard","has-post-thumbnail","hentry","category-policia"],"_links":{"self":[{"href":"https:\/\/www.caririemacao.com\/1\/wp-json\/wp\/v2\/posts\/75848","targetHints":{"allow":["GET"]}}],"collection":[{"href":"https:\/\/www.caririemacao.com\/1\/wp-json\/wp\/v2\/posts"}],"about":[{"href":"https:\/\/www.caririemacao.com\/1\/wp-json\/wp\/v2\/types\/post"}],"author":[{"embeddable":true,"href":"https:\/\/www.caririemacao.com\/1\/wp-json\/wp\/v2\/users\/1"}],"replies":[{"embeddable":true,"href":"https:\/\/www.caririemacao.com\/1\/wp-json\/wp\/v2\/comments?post=75848"}],"version-history":[{"count":1,"href":"https:\/\/www.caririemacao.com\/1\/wp-json\/wp\/v2\/posts\/75848\/revisions"}],"predecessor-version":[{"id":75849,"href":"https:\/\/www.caririemacao.com\/1\/wp-json\/wp\/v2\/posts\/75848\/revisions\/75849"}],"wp:featuredmedia":[{"embeddable":true,"href":"https:\/\/www.caririemacao.com\/1\/wp-json\/wp\/v2\/media\/33318"}],"wp:attachment":[{"href":"https:\/\/www.caririemacao.com\/1\/wp-json\/wp\/v2\/media?parent=75848"}],"wp:term":[{"taxonomy":"category","embeddable":true,"href":"https:\/\/www.caririemacao.com\/1\/wp-json\/wp\/v2\/categories?post=75848"},{"taxonomy":"post_tag","embeddable":true,"href":"https:\/\/www.caririemacao.com\/1\/wp-json\/wp\/v2\/tags?post=75848"}],"curies":[{"name":"wp","href":"https:\/\/api.w.org\/{rel}","templated":true}]}}