{"id":75860,"date":"2018-12-08T17:58:00","date_gmt":"2018-12-08T20:58:00","guid":{"rendered":"http:\/\/www.caririemacao.com\/1\/?p=75860"},"modified":"2018-12-08T17:58:00","modified_gmt":"2018-12-08T20:58:00","slug":"gremio-de-serra-branca-e-independente-da-prata-decidem-hoje-quem-leva-o-titulo-inedito-da-copa-cariri-de-futebol-veteranos","status":"publish","type":"post","link":"https:\/\/www.caririemacao.com\/1\/2018\/12\/08\/gremio-de-serra-branca-e-independente-da-prata-decidem-hoje-quem-leva-o-titulo-inedito-da-copa-cariri-de-futebol-veteranos\/","title":{"rendered":"Gr\u00eamio de Serra Branca e Independente da Prata decidem hoje quem leva o t\u00edtulo in\u00e9dito da Copa cariri de Futebol Veteranos"},"content":{"rendered":"<p><span style=\"font-family: Georgia, 'Times New Roman', serif;\">Neste s\u00e1bado(08) ser\u00e1 realizado no Est\u00e1dio Municipal de Futebol &#8220;O Jacint\u00e3o&#8221; em Sum\u00e9 -PB, a grande e decisiva final da primeira Copa Cariri de Futebol Veteranos. Gr\u00eamio de Serra Branca e Independente da cidade da Prata decidem quem levar\u00e1 o in\u00e9dito trof\u00e9u de campe\u00e3o da competi\u00e7\u00e3o.<\/span><\/p>\n<div><\/div>\n<div>A competi\u00e7\u00e3o esportiva j\u00e1 \u00e9 aguardada por in\u00fameros desportistas do cariri paraibano que prometem prestigiar em massa a final\u00edssima de veteranos. Ap\u00f3s v\u00e1rias rodadas, recheadas de belos gols e grandes jogadas, a competi\u00e7\u00e3o t\u00eam seu desfecho neste s\u00e1bado em Sum\u00e9.<\/div>\n<div><\/div>\n<div>A coordena\u00e7\u00e3o da Copa Cariri de Futebol Veteranos em nome dos desportistas Terto A\u00edres e Givanildo Santos, vem tomando todas as provid\u00eancias acerca da organiza\u00e7\u00e3o e log\u00edstica para a grande final.<\/div>\n<div><\/div>\n<div>Antecedendo a final, ser\u00e1 realizada a partida v\u00e1lida pelo 3\u00ba Lugar, envolvendo as equipes de Veteranos de Po\u00e7o das Pedras de S\u00e3o Jo\u00e3o do Cariri e Tapera do Congo. Logo ap\u00f3s acontece a esperada final entre as duas equipes que fizeram as melhores campanhas e se destacaram durante a competi\u00e7\u00e3o. Gr\u00eamio e Independente promete fazer uma brilhante partida com expectativas de &#8216;casa cheia&#8217; no Est\u00e1dio Jacint\u00e3o em Sum\u00e9.<\/div>\n","protected":false},"excerpt":{"rendered":"<p>Neste s\u00e1bado(08) ser\u00e1 realizado no Est\u00e1dio Municipal de Futebol &#8220;O Jacint\u00e3o&#8221; em Sum\u00e9 -PB, a grande e decisiva final da primeira Copa Cariri de Futebol&hellip; <\/p>\n","protected":false},"author":1,"featured_media":75861,"comment_status":"closed","ping_status":"closed","sticky":false,"template":"","format":"standard","meta":{"sfsi_plus_gutenberg_text_before_share":"","sfsi_plus_gutenberg_show_text_before_share":"","sfsi_plus_gutenberg_icon_type":"","sfsi_plus_gutenberg_icon_alignemt":"","sfsi_plus_gutenburg_max_per_row":"","footnotes":""},"categories":[13],"tags":[],"class_list":["post-75860","post","type-post","status-publish","format-standard","has-post-thumbnail","hentry","category-esportes"],"_links":{"self":[{"href":"https:\/\/www.caririemacao.com\/1\/wp-json\/wp\/v2\/posts\/75860","targetHints":{"allow":["GET"]}}],"collection":[{"href":"https:\/\/www.caririemacao.com\/1\/wp-json\/wp\/v2\/posts"}],"about":[{"href":"https:\/\/www.caririemacao.com\/1\/wp-json\/wp\/v2\/types\/post"}],"author":[{"embeddable":true,"href":"https:\/\/www.caririemacao.com\/1\/wp-json\/wp\/v2\/users\/1"}],"replies":[{"embeddable":true,"href":"https:\/\/www.caririemacao.com\/1\/wp-json\/wp\/v2\/comments?post=75860"}],"version-history":[{"count":1,"href":"https:\/\/www.caririemacao.com\/1\/wp-json\/wp\/v2\/posts\/75860\/revisions"}],"predecessor-version":[{"id":75862,"href":"https:\/\/www.caririemacao.com\/1\/wp-json\/wp\/v2\/posts\/75860\/revisions\/75862"}],"wp:featuredmedia":[{"embeddable":true,"href":"https:\/\/www.caririemacao.com\/1\/wp-json\/wp\/v2\/media\/75861"}],"wp:attachment":[{"href":"https:\/\/www.caririemacao.com\/1\/wp-json\/wp\/v2\/media?parent=75860"}],"wp:term":[{"taxonomy":"category","embeddable":true,"href":"https:\/\/www.caririemacao.com\/1\/wp-json\/wp\/v2\/categories?post=75860"},{"taxonomy":"post_tag","embeddable":true,"href":"https:\/\/www.caririemacao.com\/1\/wp-json\/wp\/v2\/tags?post=75860"}],"curies":[{"name":"wp","href":"https:\/\/api.w.org\/{rel}","templated":true}]}}