{"id":75872,"date":"2018-12-09T08:55:41","date_gmt":"2018-12-09T11:55:41","guid":{"rendered":"http:\/\/www.caririemacao.com\/1\/?p=75872"},"modified":"2018-12-09T08:55:41","modified_gmt":"2018-12-09T11:55:41","slug":"bolsonaro-estuda-passar-inss-ao-ministerio-da-economia-quais-os-impactos","status":"publish","type":"post","link":"https:\/\/www.caririemacao.com\/1\/2018\/12\/09\/bolsonaro-estuda-passar-inss-ao-ministerio-da-economia-quais-os-impactos\/","title":{"rendered":"Bolsonaro estuda passar INSS ao Minist\u00e9rio da Economia, quais os impactos?"},"content":{"rendered":"<div>\n<header>A equipe do presidente eleito, Jair Bolsonaro (PSL), estuda transferir o INSS (Instituto Nacional do Seguro Social) do Minist\u00e9rio do Desenvolvimento Social para o Superminist\u00e9rio da Economia, segundo reportagem da\u00a0<strong>Folha<\/strong>\u00a0desta quinta-feira (6). Quais impactos esta mudan\u00e7a teria, na pr\u00e1tica?\u00a0<\/header>\n<\/div>\n<div>\n<div class=\"row\">\n<div class=\"col-sm-24 col-md-16 col-lg-17 content-article\">\n<div class=\"row\">\n<div class=\"col-xs-8 col-sm-21 col-md-21\">\n<div class=\"image-content-pad\">\n<div class=\"text\">\n<p>A decis\u00e3o pode ter consequ\u00eancias econ\u00f4micas positivas, mas o impacto social para os benefici\u00e1rios ainda \u00e9 impreciso. Especialistas ouvidos pelo\u00a0<strong>UOL<\/strong>divergem sobre os potenciais efeitos na gest\u00e3o dos benef\u00edcios sociais que o \u00f3rg\u00e3o gerencia, al\u00e9m da previd\u00eancia.<\/p>\n<p>\u201c\u00c9 uma posi\u00e7\u00e3o estrat\u00e9gica de gest\u00e3o. Este superminist\u00e9rio [da Economia] est\u00e1 sendo desenhado tem um conceito mais moderno, focado em assuntos do mercado econ\u00f4mico. A concentra\u00e7\u00e3o do INSS nesta pasta poder\u00e1 trazer mais efici\u00eancia e transpar\u00eancia\u201d, disse Agostinho Pascalicchio, professor de Engenharia Econ\u00f4mica da Universidade Presbiteriana Mackenzie.<\/p>\n<p>Isso teria efeitos para a economia, segundo Pascalicchio. \u201cA aplica\u00e7\u00e3o dos recursos financeiros do INSS, que j\u00e1 passam de R$ 1 trilh\u00e3o, nos moldes permitidos pela lei, pode acarretar na diminui\u00e7\u00e3o da taxa de juros, por exemplo, um dos principais focos do futuro governo\u201d, afirmou. Isso se dar\u00e1, de acordo com ele, porque a gest\u00e3o ficar\u00e1 mais integrada, \u201ctanto a parte da renda quanto a parte de produ\u00e7\u00e3o\u201d.<\/p>\n<p>Para os benefici\u00e1rios, nada deve mudar, na avalia\u00e7\u00e3o do professor. \u201cPara o aposentado e pensionista, isso n\u00e3o significa nada na pr\u00e1tica. \u00c9 mais na parte de gest\u00e3o, que pode influenciar na economia.\u201d<\/p>\n<p>Adriane Bramante, presidente do IBDP (Instituto Brasileiro de Direito Previdenci\u00e1rio), discorda. De acordo com a advogada, embora n\u00e3o fique t\u00e3o expl\u00edcita para os benefici\u00e1rios em um primeiro momento, a mudan\u00e7a pode acarretar em uma fragiliza\u00e7\u00e3o dos projetos sociais do INSS.<\/p>\n<p>\u201cN\u00e3o seria adequado do ponto de vista social, pensando em direito previdenci\u00e1rio, pois o vi\u00e9s econ\u00f4mico vai gerenciar. Ent\u00e3o, na hora do planejamento, quem vai pensar em quest\u00f5es sociais em detrimento das influ\u00eancias econ\u00f4micas?\u201d, questiona.<\/p>\n<p>\u201cO INSS gerencia uma s\u00e9rie de programas que t\u00eam um cunho e uma import\u00e2ncia social muito grande. Quando voc\u00ea passa para um minist\u00e9rio que pensar\u00e1 apenas na parte econ\u00f4mica, voc\u00ea se afasta destes objetivos\u201d, afirmou ela.<\/p>\n<p>Para Pascalicchio, a Uni\u00e3o pode fazer exatamente o oposto: impulsionar projetos sociais administrados pela pasta. \u201cVai aumentar a efici\u00eancia e a transpar\u00eancia das a\u00e7\u00f5es e projetos que integram as partes sociais do futuro governo, pois hoje elas integram diferentes ag\u00eancias. Com a concentra\u00e7\u00e3o, pode-se otimizar esses programas e at\u00e9 criar novos\u201d, afirmou o professor.<\/p>\n<p>\u201cEu acredito que n\u00e3o seja o mais adequado subjugar o INSS apenas \u00e0 pauta econ\u00f4mica, sob a pena de comprometer os programas sociais, mas \u00e9 algo a se aguardar\u201d, disse Adriane.<\/p>\n<\/div>\n<\/div>\n<\/div>\n<\/div>\n<\/div>\n<\/div>\n<\/div>\n<p>&nbsp;<\/p>\n<p>UOL<\/p>\n<div>\n<div class=\"row\">\n<div class=\"col-sm-24 col-md-16 col-lg-17 content-article\">\n<div class=\"row\">\n<div class=\"col-xs-8 col-sm-21 col-md-21\">\n<div class=\"image-content-pad\">\n<div class=\"text\">\n<div class=\"video-embed\">\n<div id=\"UOLPlayer_15443499880635569\" class=\"uolplayer _video _mouseout _ondemand is-desktop video\" data-automount=\"false\" data-mediaid=\"16514426\" data-autoplay=\"false\" data-autoplayscroll=\"false\" data-startmute=\"true\" data-duration=\"\" data-related=\"true\" data-playlist=\"false\" data-poster=\"\/\/thumb.mais.uol.com.br\/16514426.jpg\" data-detach=\"true\" data-ondemand=\"true\" data-metrics-play=\"{&quot;reference&quot;:&quot;executar-video&quot;,&quot;action&quot;:&quot;clique&quot;,&quot;component&quot;:&quot;video-embed&quot;,&quot;mediaName&quot;:&quot;V\u00eddeo&quot;}\" data-hashid=\"15443499880635569\" data-materialized=\"true\">\n<div class=\"uolplayer-container\">\n<div class=\"uolplayer-elements\">\n<div class=\"ui\">\n<div class=\"bt-play cursor-pointer\"><\/div>\n<\/div>\n<div class=\"ad-container\"><\/div>\n<\/div>\n<\/div>\n<\/div>\n<\/div>\n<\/div>\n<\/div>\n<\/div>\n<\/div>\n<\/div>\n<\/div>\n<\/div>\n","protected":false},"excerpt":{"rendered":"<p>A equipe do presidente eleito, Jair Bolsonaro (PSL), estuda transferir o INSS (Instituto Nacional do Seguro Social) do Minist\u00e9rio do Desenvolvimento Social para o Superminist\u00e9rio&hellip; <\/p>\n","protected":false},"author":1,"featured_media":25319,"comment_status":"closed","ping_status":"closed","sticky":false,"template":"","format":"standard","meta":{"sfsi_plus_gutenberg_text_before_share":"","sfsi_plus_gutenberg_show_text_before_share":"","sfsi_plus_gutenberg_icon_type":"","sfsi_plus_gutenberg_icon_alignemt":"","sfsi_plus_gutenburg_max_per_row":"","footnotes":""},"categories":[50,11],"tags":[],"class_list":["post-75872","post","type-post","status-publish","format-standard","has-post-thumbnail","hentry","category-destaque","category-politica"],"_links":{"self":[{"href":"https:\/\/www.caririemacao.com\/1\/wp-json\/wp\/v2\/posts\/75872","targetHints":{"allow":["GET"]}}],"collection":[{"href":"https:\/\/www.caririemacao.com\/1\/wp-json\/wp\/v2\/posts"}],"about":[{"href":"https:\/\/www.caririemacao.com\/1\/wp-json\/wp\/v2\/types\/post"}],"author":[{"embeddable":true,"href":"https:\/\/www.caririemacao.com\/1\/wp-json\/wp\/v2\/users\/1"}],"replies":[{"embeddable":true,"href":"https:\/\/www.caririemacao.com\/1\/wp-json\/wp\/v2\/comments?post=75872"}],"version-history":[{"count":1,"href":"https:\/\/www.caririemacao.com\/1\/wp-json\/wp\/v2\/posts\/75872\/revisions"}],"predecessor-version":[{"id":75873,"href":"https:\/\/www.caririemacao.com\/1\/wp-json\/wp\/v2\/posts\/75872\/revisions\/75873"}],"wp:featuredmedia":[{"embeddable":true,"href":"https:\/\/www.caririemacao.com\/1\/wp-json\/wp\/v2\/media\/25319"}],"wp:attachment":[{"href":"https:\/\/www.caririemacao.com\/1\/wp-json\/wp\/v2\/media?parent=75872"}],"wp:term":[{"taxonomy":"category","embeddable":true,"href":"https:\/\/www.caririemacao.com\/1\/wp-json\/wp\/v2\/categories?post=75872"},{"taxonomy":"post_tag","embeddable":true,"href":"https:\/\/www.caririemacao.com\/1\/wp-json\/wp\/v2\/tags?post=75872"}],"curies":[{"name":"wp","href":"https:\/\/api.w.org\/{rel}","templated":true}]}}