{"id":75874,"date":"2018-12-09T09:29:34","date_gmt":"2018-12-09T12:29:34","guid":{"rendered":"http:\/\/www.caririemacao.com\/1\/?p=75874"},"modified":"2018-12-09T09:29:34","modified_gmt":"2018-12-09T12:29:34","slug":"morte-de-sem-terras-mst-da-paraiba-denuncia-assassinato-de-dois-militantes-em-acampamento-na-paraiba","status":"publish","type":"post","link":"https:\/\/www.caririemacao.com\/1\/2018\/12\/09\/morte-de-sem-terras-mst-da-paraiba-denuncia-assassinato-de-dois-militantes-em-acampamento-na-paraiba\/","title":{"rendered":"MORTE DE SEM TERRAS: MST da Para\u00edba denuncia assassinato de dois militantes em acampamento na Para\u00edba"},"content":{"rendered":"<p>Nota da Dire\u00e7\u00e3o do MST Para\u00edba sobre o assassinato de dois militantes no Acampamento Dom Jos\u00e9 Maria Pires, munic\u00edpio de Alhandra.<\/p>\n<p>\u201cO que seria deste mundo sem militantes? Como seria a condi\u00e7\u00e3o humana se n\u00e3o houvesse militantes? N\u00e3o porque os militantes sejam perfeitos, porque tenham sempre a raz\u00e3o, porque sejam super-homens e n\u00e3o se equivoquem. N\u00e3o \u00e9 isso. \u00c9 que os militantes n\u00e3o v\u00eam para buscar o seu, vem entregar a alma por um punhado de sonhos\u2019.<br \/>\n(Ex-presidente Uruguaio, Pepe Mujica)<\/p>\n<div>O Movimento dos Trabalhadores Rurais Sem Terra (MST-PB) perde nesta noite de s\u00e1bado (08) por volta das 19:30 dois militantes: Jos\u00e9 Bernardo da Silva, conhecido por Orlando e Rodrigo Celestino. Foram brutalmente assassinado por capangas encapuzados e fortemente armados. Isso demonstra a atual repress\u00e3o contra os movimentos populares e suas lideran\u00e7as. O ataque aconteceu no Acampamento Dom Jos\u00e9 Maria Pires, no munic\u00edpio de Alhandra na Para\u00edba. \u00c1rea da Fazenda Garapu, pertencente ao Grupo Santa Tereza, ocupada pelas fam\u00edlias em julho de 2017.<\/div>\n<p>Exigimos justi\u00e7a com a puni\u00e7\u00e3o dos culpados e acreditamos que lutar n\u00e3o \u00e9 CRIME. Nestes tempos de ang\u00fastia e de d\u00favidas sobre o futuro do Brasil, n\u00e3o podemos deixar os que det\u00e9m o poder pol\u00edtico e econ\u00f4mico tra\u00e7ar o nosso destino. Portanto, continuamos reafirmando a luta em defesa da terra como central para garantir dignidade aos trabalhadores e trabalhadoras do campo e da cidade.<\/p>\n<p>Justamente dois dia antes das comemora\u00e7\u00f5es do Dia Internacional dos Direitos Humanos, 10 de dezembro, s\u00e3o assassinados de forma brutal dois trabalhadores Sem Terra. Neste sentido, convocamos a milit\u00e2ncia, amigos e amigas, aos que defendem os trabalhadores e trabalhadores, denunciar a atual repress\u00e3o e os assassinatos em decorr\u00eancias de conflitos no campo.<\/p>\n<div><\/div>\n<p>Solidariedade \u00e0 fam\u00edlia de Orlando e Rodrigo.<\/p>\n<p>Dire\u00e7\u00e3o do MST \u2013 PB<br \/>\nLutar, Construir Reforma Agr\u00e1ria Popular!<\/p>\n","protected":false},"excerpt":{"rendered":"<p>Nota da Dire\u00e7\u00e3o do MST Para\u00edba sobre o assassinato de dois militantes no Acampamento Dom Jos\u00e9 Maria Pires, munic\u00edpio de Alhandra. \u201cO que seria deste&hellip; <\/p>\n","protected":false},"author":1,"featured_media":75875,"comment_status":"closed","ping_status":"closed","sticky":false,"template":"","format":"standard","meta":{"sfsi_plus_gutenberg_text_before_share":"","sfsi_plus_gutenberg_show_text_before_share":"","sfsi_plus_gutenberg_icon_type":"","sfsi_plus_gutenberg_icon_alignemt":"","sfsi_plus_gutenburg_max_per_row":"","footnotes":""},"categories":[50,2],"tags":[],"class_list":["post-75874","post","type-post","status-publish","format-standard","has-post-thumbnail","hentry","category-destaque","category-geral"],"_links":{"self":[{"href":"https:\/\/www.caririemacao.com\/1\/wp-json\/wp\/v2\/posts\/75874","targetHints":{"allow":["GET"]}}],"collection":[{"href":"https:\/\/www.caririemacao.com\/1\/wp-json\/wp\/v2\/posts"}],"about":[{"href":"https:\/\/www.caririemacao.com\/1\/wp-json\/wp\/v2\/types\/post"}],"author":[{"embeddable":true,"href":"https:\/\/www.caririemacao.com\/1\/wp-json\/wp\/v2\/users\/1"}],"replies":[{"embeddable":true,"href":"https:\/\/www.caririemacao.com\/1\/wp-json\/wp\/v2\/comments?post=75874"}],"version-history":[{"count":1,"href":"https:\/\/www.caririemacao.com\/1\/wp-json\/wp\/v2\/posts\/75874\/revisions"}],"predecessor-version":[{"id":75876,"href":"https:\/\/www.caririemacao.com\/1\/wp-json\/wp\/v2\/posts\/75874\/revisions\/75876"}],"wp:featuredmedia":[{"embeddable":true,"href":"https:\/\/www.caririemacao.com\/1\/wp-json\/wp\/v2\/media\/75875"}],"wp:attachment":[{"href":"https:\/\/www.caririemacao.com\/1\/wp-json\/wp\/v2\/media?parent=75874"}],"wp:term":[{"taxonomy":"category","embeddable":true,"href":"https:\/\/www.caririemacao.com\/1\/wp-json\/wp\/v2\/categories?post=75874"},{"taxonomy":"post_tag","embeddable":true,"href":"https:\/\/www.caririemacao.com\/1\/wp-json\/wp\/v2\/tags?post=75874"}],"curies":[{"name":"wp","href":"https:\/\/api.w.org\/{rel}","templated":true}]}}