{"id":75892,"date":"2018-12-09T09:43:31","date_gmt":"2018-12-09T12:43:31","guid":{"rendered":"http:\/\/www.caririemacao.com\/1\/?p=75892"},"modified":"2018-12-09T09:43:54","modified_gmt":"2018-12-09T12:43:54","slug":"sediado-em-sume-femar-contrata-experiente-tecnico-juazeirinhense-que-e-ex-socremo","status":"publish","type":"post","link":"https:\/\/www.caririemacao.com\/1\/2018\/12\/09\/sediado-em-sume-femar-contrata-experiente-tecnico-juazeirinhense-que-e-ex-socremo\/","title":{"rendered":"Sediado em Sum\u00e9, Femar contrata experiente t\u00e9cnico juazeirinhense que \u00e9 ex-Socremo"},"content":{"rendered":"<p>A equipe sub 20 do Femar,\u00a0agora sediada na cidade caririzeira de Sum\u00e9,\u00a0contratou o experiente t\u00e9cnico, Z\u00e9\u00a0Adadberto\u00a0 Oliveira,\u00a0ex-Socremo de\u00a0Monteiro e natural de Juazeiriho.<\/p>\n<p>O Femar est\u00e1 se preparando para\u00a0disputar duas competi\u00e7\u00f5es importantes\u00a0no pr\u00f3ximo ano: Campeonato Paraibano\u00a0sub 19 e a segundinha, que garante\u00a0vaga \u00e0 elite do futebol do Estado.\u00a0O treinador tem trabalhado bastante\u00a0com seus jogadores visando as duas\u00a0competi\u00e7\u00f5es de 2019 e, neste sentido,\u00a0realizou nos \u00faltimos dias, duas\u00a0 partidas\u00a0amistosas como prepara\u00e7\u00e3o para o jogo\u00a0do pr\u00f3ximo dia 29, quando o Femar\u00a0recebe no Jacint\u00e3o, em Sum\u00e9,\u00a0 para um\u00a0amistoso, a equipe sub 20 do\u00a0Campinense Clube.<\/p>\n<p>Nos amistosos anteriores, ambos disputados no Jacint\u00e3o, o Femar goleou a sele\u00e7\u00e3o de Camala\u00fa,\u00a0pelo placar de 5 a 0.\u00a0J\u00e1 nesta sexta-feira (7) a tarde, em um jogo bastante equilibrado, o Femar empatou em 1 a 1 com\u00a0a sele\u00e7\u00e3o da\u00a0 cidade de Amparo.<\/p>\n<p>Z\u00e9 Adadberto, em entrevista, se mostrou bastante satisfeito com a equipe do\u00a0Femar e acredita\u00a0 que o time pode surpreender e realizar uma grande temporada em 2019, pois\u00a0tem jovens atletas com muita vontade\u00a0 de vencer e fazer hist\u00f3ria no futebol.<\/p>\n<p>&nbsp;<\/p>\n<p>Heleno Lima<\/p>\n","protected":false},"excerpt":{"rendered":"<p>A equipe sub 20 do Femar,\u00a0agora sediada na cidade caririzeira de Sum\u00e9,\u00a0contratou o experiente t\u00e9cnico, Z\u00e9\u00a0Adadberto\u00a0 Oliveira,\u00a0ex-Socremo de\u00a0Monteiro e natural de Juazeiriho. O Femar est\u00e1&hellip; <\/p>\n","protected":false},"author":1,"featured_media":43000,"comment_status":"closed","ping_status":"closed","sticky":false,"template":"","format":"standard","meta":{"sfsi_plus_gutenberg_text_before_share":"","sfsi_plus_gutenberg_show_text_before_share":"","sfsi_plus_gutenberg_icon_type":"","sfsi_plus_gutenberg_icon_alignemt":"","sfsi_plus_gutenburg_max_per_row":"","footnotes":""},"categories":[13],"tags":[],"class_list":["post-75892","post","type-post","status-publish","format-standard","has-post-thumbnail","hentry","category-esportes"],"_links":{"self":[{"href":"https:\/\/www.caririemacao.com\/1\/wp-json\/wp\/v2\/posts\/75892","targetHints":{"allow":["GET"]}}],"collection":[{"href":"https:\/\/www.caririemacao.com\/1\/wp-json\/wp\/v2\/posts"}],"about":[{"href":"https:\/\/www.caririemacao.com\/1\/wp-json\/wp\/v2\/types\/post"}],"author":[{"embeddable":true,"href":"https:\/\/www.caririemacao.com\/1\/wp-json\/wp\/v2\/users\/1"}],"replies":[{"embeddable":true,"href":"https:\/\/www.caririemacao.com\/1\/wp-json\/wp\/v2\/comments?post=75892"}],"version-history":[{"count":1,"href":"https:\/\/www.caririemacao.com\/1\/wp-json\/wp\/v2\/posts\/75892\/revisions"}],"predecessor-version":[{"id":75893,"href":"https:\/\/www.caririemacao.com\/1\/wp-json\/wp\/v2\/posts\/75892\/revisions\/75893"}],"wp:featuredmedia":[{"embeddable":true,"href":"https:\/\/www.caririemacao.com\/1\/wp-json\/wp\/v2\/media\/43000"}],"wp:attachment":[{"href":"https:\/\/www.caririemacao.com\/1\/wp-json\/wp\/v2\/media?parent=75892"}],"wp:term":[{"taxonomy":"category","embeddable":true,"href":"https:\/\/www.caririemacao.com\/1\/wp-json\/wp\/v2\/categories?post=75892"},{"taxonomy":"post_tag","embeddable":true,"href":"https:\/\/www.caririemacao.com\/1\/wp-json\/wp\/v2\/tags?post=75892"}],"curies":[{"name":"wp","href":"https:\/\/api.w.org\/{rel}","templated":true}]}}