{"id":75894,"date":"2018-12-09T09:45:34","date_gmt":"2018-12-09T12:45:34","guid":{"rendered":"http:\/\/www.caririemacao.com\/1\/?p=75894"},"modified":"2018-12-09T09:45:34","modified_gmt":"2018-12-09T12:45:34","slug":"projeto-solo-na-escolada-universidade-federal-em-sume-comemora-dia-mundial-do-solo","status":"publish","type":"post","link":"https:\/\/www.caririemacao.com\/1\/2018\/12\/09\/projeto-solo-na-escolada-universidade-federal-em-sume-comemora-dia-mundial-do-solo\/","title":{"rendered":"Projeto Solo na Escolada Universidade Federal em Sum\u00e9 comemora Dia Mundial do Solo"},"content":{"rendered":"<p>Para comemorar o Dia Mundial do Solo o Projeto Solo na Escola\/UFCG do Centro de Desenvolvimento Sustent\u00e1vel do Semi\u00e1rido organizou uma s\u00e9rie de atividades realizadas na ter\u00e7a-feira (4) e quarta-feira (5) atrav\u00e9s de minicursos, palestras e da VI Feira do Solo no N\u00facleo de Extens\u00e3o Cultural da UFCG (NEXT).<\/p>\n<p>Na noite da ter\u00e7a-feira, a professora Adriana Meira, coordenadora do Projeto Solo na Escola\/UFCG, esteve na C\u00e2mara dos Vereadores de Sum\u00e9 apresentando a proposta da VI Feira do Solo e fazendo um alerta para sensibilizar os <img fetchpriority=\"high\" decoding=\"async\" class=\"alignleft\" src=\"http:\/\/www.cdsa.ufcg.edu.br\/cdsa\/images\/conteudo\/VI-Feira-Solos\/IMG_8032.JPG\" width=\"365\" height=\"243\" \/>legisladores para a propositura de projetos com \u00eanfase no cuidado com o solo.<\/p>\n<p>As atividades comemorativas ao Dia Mundial do Solo foram encerradas no NEXT com o espa\u00e7o de visita\u00e7\u00e3o da VI Feira do Solo, onde foram apresentadas as metodologias l\u00fadicas e interativas desenvolvidas pelo Projeto Solo na Escola\/UFCG para popularizar o ensino do solo.<\/p>\n<p>Tamb\u00e9m ocorreu a premia\u00e7\u00e3o do concurso de fotografia \u201cMeu jeito de ver o solo\u201d aos vencedores: Gabriella Alves dos Santos (1\u00ba lugar ), do 3\u00ba ano m\u00e9dio da Escola E.E.M. Dr. Fenelon N\u00f3brega do munic\u00edpio de Salgadinho (PB), orientada pelo professor Paulo Ragner; Luiz Eduardo Santos Lima (2\u00ba lugar ), do 7\u00ba ano da Escola Jos\u00e9 Bonif\u00e1cio Barbosa de Andrade do Distrito Pio X (Sum\u00e9 PB), orientado pelo professor Alisson Clauber Mendes de Alencar; Jo\u00e3o Vitor Caetano dos Santos (3\u00ba lugar ), do 6\u00ba ano da Escola Agrot\u00e9cnica de Sum\u00e9, sob orienta\u00e7\u00e3o da professora Cleityane Sabino e, entrega da men\u00e7\u00e3o honrosa ao estudante Kleber Djonata Dion\u00edsio da Costa, do 7\u00ba ano da Escola Municipal Monsenhor Vieira, do munic\u00edpio de Salgadinho-PB, que foi orientado pela professora Girliane Oliveira da Silva. As fotografias escolhidas pela comiss\u00e3o avaliadora compor\u00e3o a exposi\u00e7\u00e3o do site do Projeto Solo na Escola\/UFCG campus Sum\u00e9.<\/p>\n<p>\u201cA VI Feira do Solo foi um sucesso, com a recep\u00e7\u00e3o de representa\u00e7\u00f5es das escolas de Amparo, Cara\u00fabas, Salgadinho, Coxixola, Serra Branca, Congo, Monteiro, Sum\u00e9, al\u00e9m de Jata\u00faba-PE. Dentre as salas tem\u00e1ticas, o Laborat\u00f3rio Vivo do Solo, organizado pelo t\u00e9cnico Danilson Correia encantou o p\u00fablico visitante\u201d, informou a professora Adriana Meira.<\/p>\n<p>Participaram das atividades da exposi\u00e7\u00e3o pedag\u00f3gica estudantes dos cursos de Agroecologia e Engenharia de Biossistemas do CDSA, al\u00e9m da equipe do Pascar-Solo na Escola\/UFCG.<\/p>\n<p><strong>Sobre o Dia Mundial do Solo \u2013 A Luta contra a Polui\u00e7\u00e3o<\/strong><\/p>\n<p>O Dia Mundial do Solo foi institu\u00eddo em 2013 pela Organiza\u00e7\u00e3o das Na\u00e7\u00f5es Unidas para a Alimenta\u00e7\u00e3o e a Agricultura (FAO), a ser comemorado no dia 05 de dezembro, objetivando divulgar a import\u00e2ncia dos solos para a manuten\u00e7\u00e3o da vida no planeta Terra.<\/p>\n<p>O Dia Mundial do Solo foi uma conquista da IUSS (Sociedade Internacional de Ci\u00eancia do Solo) e da Global Soil Partnership junto a FAO\/ONU. Muitas atividades educativas s\u00e3o desenvolvidas nesta data no mundo todo.<\/p>\n<p>Em 2018 o tema do dia Mundial do Solo \u00e9: \u201cSeja a solu\u00e7\u00e3o \u00e0 polui\u00e7\u00e3o do solo\u201d. A FAO juntamente com a Global Soil Partnership est\u00e1 desenvolvendo uma s\u00e9rie de atividades para divulgar os principais problemas de polui\u00e7\u00e3o dos solos.<\/p>\n<p>A polui\u00e7\u00e3o \u00e9 causada principalmente pelo excesso de qu\u00edmicos nos solos, pelas a\u00e7\u00f5es da minera\u00e7\u00e3o, siderurgia, da urbaniza\u00e7\u00e3o, do lixo, dos usos de agrovenenos, do abuso dos fertilizantes, dentre outros. Cerca de um ter\u00e7o dos solos do mundo est\u00e1 degradado devido a problemas de manejo e pela aus\u00eancia de pr\u00e1ticas de conserva\u00e7\u00e3o. E segundo a FAO, dezenas de bilh\u00f5es de toneladas de solos s\u00e3o perdidas por ano, sendo a polui\u00e7\u00e3o uma das causas.<\/p>\n<p>A polui\u00e7\u00e3o do solo \u00e9 uma amea\u00e7a oculta, j\u00e1 que n\u00e3o se percebe visualmente, e compromete seriamente a sa\u00fade das pessoas e a seguran\u00e7a alimentar, por afetar a qualidade da \u00e1gua, do ar e a produ\u00e7\u00e3o agropecu\u00e1ria, sendo urgente a sensibiliza\u00e7\u00e3o de todos para o cuidado com esse grande organismo vivo, que sustenta a vida na Terra.<\/p>\n","protected":false},"excerpt":{"rendered":"<p>Para comemorar o Dia Mundial do Solo o Projeto Solo na Escola\/UFCG do Centro de Desenvolvimento Sustent\u00e1vel do Semi\u00e1rido organizou uma s\u00e9rie de atividades realizadas&hellip; <\/p>\n","protected":false},"author":1,"featured_media":75895,"comment_status":"closed","ping_status":"closed","sticky":false,"template":"","format":"standard","meta":{"sfsi_plus_gutenberg_text_before_share":"","sfsi_plus_gutenberg_show_text_before_share":"","sfsi_plus_gutenberg_icon_type":"","sfsi_plus_gutenberg_icon_alignemt":"","sfsi_plus_gutenburg_max_per_row":"","footnotes":""},"categories":[14],"tags":[],"class_list":["post-75894","post","type-post","status-publish","format-standard","has-post-thumbnail","hentry","category-educacao"],"_links":{"self":[{"href":"https:\/\/www.caririemacao.com\/1\/wp-json\/wp\/v2\/posts\/75894","targetHints":{"allow":["GET"]}}],"collection":[{"href":"https:\/\/www.caririemacao.com\/1\/wp-json\/wp\/v2\/posts"}],"about":[{"href":"https:\/\/www.caririemacao.com\/1\/wp-json\/wp\/v2\/types\/post"}],"author":[{"embeddable":true,"href":"https:\/\/www.caririemacao.com\/1\/wp-json\/wp\/v2\/users\/1"}],"replies":[{"embeddable":true,"href":"https:\/\/www.caririemacao.com\/1\/wp-json\/wp\/v2\/comments?post=75894"}],"version-history":[{"count":1,"href":"https:\/\/www.caririemacao.com\/1\/wp-json\/wp\/v2\/posts\/75894\/revisions"}],"predecessor-version":[{"id":75896,"href":"https:\/\/www.caririemacao.com\/1\/wp-json\/wp\/v2\/posts\/75894\/revisions\/75896"}],"wp:featuredmedia":[{"embeddable":true,"href":"https:\/\/www.caririemacao.com\/1\/wp-json\/wp\/v2\/media\/75895"}],"wp:attachment":[{"href":"https:\/\/www.caririemacao.com\/1\/wp-json\/wp\/v2\/media?parent=75894"}],"wp:term":[{"taxonomy":"category","embeddable":true,"href":"https:\/\/www.caririemacao.com\/1\/wp-json\/wp\/v2\/categories?post=75894"},{"taxonomy":"post_tag","embeddable":true,"href":"https:\/\/www.caririemacao.com\/1\/wp-json\/wp\/v2\/tags?post=75894"}],"curies":[{"name":"wp","href":"https:\/\/api.w.org\/{rel}","templated":true}]}}