{"id":75897,"date":"2018-12-09T09:47:31","date_gmt":"2018-12-09T12:47:31","guid":{"rendered":"http:\/\/www.caririemacao.com\/1\/?p=75897"},"modified":"2018-12-09T09:47:31","modified_gmt":"2018-12-09T12:47:31","slug":"inscricoes-em-concursos-na-pb-terminam-neste-domingo","status":"publish","type":"post","link":"https:\/\/www.caririemacao.com\/1\/2018\/12\/09\/inscricoes-em-concursos-na-pb-terminam-neste-domingo\/","title":{"rendered":"Inscri\u00e7\u00f5es em concursos na PB terminam neste domingo"},"content":{"rendered":"<p>Quatro concursos em uma c\u00e2mara municipal e tr\u00eas prefeituras no Agreste da Para\u00edba encerram inscri\u00e7\u00f5es neste domingo (9). No total, s\u00e3o oferecidas 205 vagas para as cidades de Pil\u00f5ezinhos, Ara\u00e7agi e Cuitegi. As inscri\u00e7\u00f5es em todos os concursos devem ser feitas no site da mesma organizadora, a CPCon. As provas de todos eles acontecem no dia 27 de janeiro de 2019. Confira abaixo os detalhes de cada concurso.<\/p>\n<div class=\"wall protected-content\">\n<div class=\"mc-column content-text active-extra-styles\" data-block-type=\"raw\" data-block-id=\"3\" data-block-weight=\"8\">\n<div class=\"content-intertitle\">\n<h2>Concurso da\u00a0Prefeitura\u00a0e da\u00a0C\u00e2mara\u00a0de Pil\u00f5ezinhos<\/h2>\n<\/div>\n<\/div>\n<div class=\"mc-column content-text active-extra-styles\" data-block-type=\"raw\" data-block-id=\"4\" data-block-weight=\"70\">\n<ul class=\"content-unordered-list\">\n<li><strong>Vagas:\u00a0<\/strong>73 | 2<\/li>\n<li><strong>N\u00edveis:\u00a0<\/strong>fundamental, m\u00e9dio, t\u00e9cnico e superior | fundamental e m\u00e9dio<\/li>\n<li><strong>Sal\u00e1rios:\u00a0<\/strong>R$ 954 a R$ 9 mil mais gratifica\u00e7\u00e3o | R$ 954 e R$ 1 mil<\/li>\n<li><strong>Prazo de inscri\u00e7\u00e3o:\u00a0<\/strong>at\u00e9 este domingo (9)<\/li>\n<li><strong>Local de inscri\u00e7\u00e3o:\u00a0<\/strong><a href=\"https:\/\/cpcon.uepb.edu.br\/\" target=\"_blank\" rel=\"noopener\">site da organizadora, CPCon<\/a><\/li>\n<li><strong>Taxas de inscri\u00e7\u00e3o:<\/strong>\u00a0R$ 60 (n\u00edvel fundamental) R$ 80 (m\u00e9dio e t\u00e9cnico) e R$ 100 (superior)<\/li>\n<li><strong>Provas:\u00a0<\/strong>27 de janeiro de 2019<\/li>\n<li><strong>Editais:<\/strong><a href=\"https:\/\/cpcon.uepb.edu.br\/concursos\/PM_Piloezinhos\/Edital\/EDITAL_NORMATIVO_CONCURSO_PUBLICO_N_001_2018_PMP-PB.pdf\" target=\"_blank\" rel=\"noopener\">\u00a0Prefeitura\u00a0<\/a>e\u00a0<a href=\"https:\/\/cpcon.uepb.edu.br\/concursos\/CM_Piloezinhos\/Edital\/EDITAL_NORMATIVO_CONCURSO_PUBLICO_N_001_2018_CMP-PB.pdf\" target=\"_blank\" rel=\"noopener\">C\u00e2mara<\/a><\/li>\n<\/ul>\n<\/div>\n<div class=\"mc-column content-text active-extra-styles\" data-block-type=\"raw\" data-block-id=\"5\" data-block-weight=\"5\">\n<div class=\"content-intertitle\">\n<h2>Concurso da Prefeitura de Ara\u00e7agi<\/h2>\n<\/div>\n<\/div>\n<div class=\"mc-column content-text active-extra-styles\" data-block-type=\"raw\" data-block-id=\"6\" data-block-weight=\"59\">\n<ul class=\"content-unordered-list\">\n<li><strong>Vagas:\u00a0<\/strong>52<\/li>\n<li><strong>N\u00edveis:<\/strong>\u00a0fundamental, m\u00e9dio, t\u00e9cnico e superior<\/li>\n<li><strong>Sal\u00e1rios:<\/strong>\u00a0R$ 954 a R$ 5.500 mais gratifica\u00e7\u00e3o<\/li>\n<li><strong>Prazo de inscri\u00e7\u00e3o:\u00a0<\/strong>at\u00e9 este domingo (9)<\/li>\n<li><strong>Local de inscri\u00e7\u00e3o:<\/strong>\u00a0<a href=\"https:\/\/cpcon.uepb.edu.br\/\" target=\"_blank\" rel=\"noopener\">site da organizadora, CPCon<\/a><\/li>\n<li><strong>Taxas de inscri\u00e7\u00e3o:\u00a0<\/strong>R$ 60 (n\u00edvel fundamental) R$ 80 (m\u00e9dio e t\u00e9cnico) e R$ 100 (superior)<\/li>\n<li><strong>Provas:\u00a0<\/strong>27 de janeiro de 2019<\/li>\n<li><a href=\"https:\/\/cpcon.uepb.edu.br\/concursos\/PM_Aracagi\/Edital\/EDITAL_NORMATIVO_CONCURSO_PUBLICO_N_001_2018_PMA-PB.pdf\" target=\"_blank\" rel=\"noopener\">Edital do concurso da Prefeitura de Ara\u00e7agi<\/a><\/li>\n<\/ul>\n<\/div>\n<div class=\"mc-column content-text active-extra-styles\" data-block-type=\"raw\" data-block-id=\"7\" data-block-weight=\"5\">\n<div class=\"content-intertitle\">\n<h2>Concurso da Prefeitura de Cuitegi<\/h2>\n<\/div>\n<\/div>\n<div data-track-category=\"fim do conteudo\" data-track-action=\"ultimo chunk conteudo\" data-track-noninteraction=\"false\" data-track-scroll=\"entrada completa viewport\">\n<div class=\"mc-column content-text active-extra-styles\" data-block-type=\"raw\" data-block-id=\"8\" data-block-weight=\"56\">\n<ul class=\"content-unordered-list\">\n<li><strong>Vagas:\u00a0<\/strong>78<\/li>\n<li><strong>N\u00edveis:<\/strong>\u00a0fundamental, m\u00e9dio e t\u00e9cnico<\/li>\n<li><strong>Sal\u00e1rios:\u00a0<\/strong>R$ 954 a R$ 9.054<\/li>\n<li><strong>Prazo de inscri\u00e7\u00e3o:\u00a0<\/strong>at\u00e9 este domingo (9)<\/li>\n<li><strong>Local de inscri\u00e7\u00e3o:\u00a0<\/strong><a href=\"https:\/\/cpcon.uepb.edu.br\/\" target=\"_blank\" rel=\"noopener\">site da organizadora, CPCon<\/a><\/li>\n<li><strong>Taxas de inscri\u00e7\u00e3o:<\/strong>\u00a0R$ 60 (n\u00edvel fundamental), R$ 80 (n\u00edvel m\u00e9dio\/t\u00e9cnico) e R$ 100 (n\u00edvel superior)<\/li>\n<li><strong>Provas:\u00a0<\/strong>27 de janeiro de 2019<\/li>\n<li><a href=\"https:\/\/cpcon.uepb.edu.br\/concursos\/PM_Cuitegi\/Edital\/EDITAL_NORMATIVO_CONCURSO_PUBLICO_N_001_2018_PMC-PB.pdf\" target=\"_blank\" rel=\"noopener\">Edital do concurso da Prefeitura de Cuitegi<\/a><\/li>\n<\/ul>\n<\/div>\n<\/div>\n<\/div>\n","protected":false},"excerpt":{"rendered":"<p>Quatro concursos em uma c\u00e2mara municipal e tr\u00eas prefeituras no Agreste da Para\u00edba encerram inscri\u00e7\u00f5es neste domingo (9). No total, s\u00e3o oferecidas 205 vagas para&hellip; <\/p>\n","protected":false},"author":1,"featured_media":75898,"comment_status":"closed","ping_status":"closed","sticky":false,"template":"","format":"standard","meta":{"sfsi_plus_gutenberg_text_before_share":"","sfsi_plus_gutenberg_show_text_before_share":"","sfsi_plus_gutenberg_icon_type":"","sfsi_plus_gutenberg_icon_alignemt":"","sfsi_plus_gutenburg_max_per_row":"","footnotes":""},"categories":[50,2],"tags":[],"class_list":["post-75897","post","type-post","status-publish","format-standard","has-post-thumbnail","hentry","category-destaque","category-geral"],"_links":{"self":[{"href":"https:\/\/www.caririemacao.com\/1\/wp-json\/wp\/v2\/posts\/75897","targetHints":{"allow":["GET"]}}],"collection":[{"href":"https:\/\/www.caririemacao.com\/1\/wp-json\/wp\/v2\/posts"}],"about":[{"href":"https:\/\/www.caririemacao.com\/1\/wp-json\/wp\/v2\/types\/post"}],"author":[{"embeddable":true,"href":"https:\/\/www.caririemacao.com\/1\/wp-json\/wp\/v2\/users\/1"}],"replies":[{"embeddable":true,"href":"https:\/\/www.caririemacao.com\/1\/wp-json\/wp\/v2\/comments?post=75897"}],"version-history":[{"count":1,"href":"https:\/\/www.caririemacao.com\/1\/wp-json\/wp\/v2\/posts\/75897\/revisions"}],"predecessor-version":[{"id":75899,"href":"https:\/\/www.caririemacao.com\/1\/wp-json\/wp\/v2\/posts\/75897\/revisions\/75899"}],"wp:featuredmedia":[{"embeddable":true,"href":"https:\/\/www.caririemacao.com\/1\/wp-json\/wp\/v2\/media\/75898"}],"wp:attachment":[{"href":"https:\/\/www.caririemacao.com\/1\/wp-json\/wp\/v2\/media?parent=75897"}],"wp:term":[{"taxonomy":"category","embeddable":true,"href":"https:\/\/www.caririemacao.com\/1\/wp-json\/wp\/v2\/categories?post=75897"},{"taxonomy":"post_tag","embeddable":true,"href":"https:\/\/www.caririemacao.com\/1\/wp-json\/wp\/v2\/tags?post=75897"}],"curies":[{"name":"wp","href":"https:\/\/api.w.org\/{rel}","templated":true}]}}