{"id":75900,"date":"2018-12-09T09:52:31","date_gmt":"2018-12-09T12:52:31","guid":{"rendered":"http:\/\/www.caririemacao.com\/1\/?p=75900"},"modified":"2018-12-09T09:52:31","modified_gmt":"2018-12-09T12:52:31","slug":"bloco-formado-por-pdt-psb-e-pcdob-quer-assumir-o-protagonismo-na-esquerda","status":"publish","type":"post","link":"https:\/\/www.caririemacao.com\/1\/2018\/12\/09\/bloco-formado-por-pdt-psb-e-pcdob-quer-assumir-o-protagonismo-na-esquerda\/","title":{"rendered":"Bloco formado por PDT, PSB e PCdoB quer assumir o protagonismo na esquerda"},"content":{"rendered":"<p>A tentativa de PDT , PSB e PCdoB de se descolar do PT e ganhar o protagonismo da centro-esquerda passa por uma aposta: o progressivo enfraquecimento pol\u00edtico do ex-presidente Luiz In\u00e1cio Lula da Silva, encerrada a elei\u00e7\u00e3o.<\/p>\n<p>L\u00edderes desses partidos admitem que o ex-presidente mostrou for\u00e7a pol\u00edtica na disputa pela Presid\u00eancia da Rep\u00fablica. Atribuem a ele o m\u00e9rito pela chegada de Fernando Haddad (PT) ao segundo turno. Preveem, no entanto, que Lula, preso em Curitiba, ir\u00e1 perder cada vez mais musculatura.<\/p>\n<p>Integrante da ala do PSB cr\u00edtica ao PT, um deputado diz que, nos \u00faltimos anos, Lula foi o principal respons\u00e1vel por conseguir barrar tentativas do partido de \u201cbater asas\u201d. Avalia que, gra\u00e7as \u00e0 articula\u00e7\u00e3o do ex-presidente, o PSB n\u00e3o apoiou Ciro Gomes (PDT) este ano.<\/p>\n<p>Enquanto parte do PSB pressionava a dire\u00e7\u00e3o partid\u00e1ria a apoiar Ciro, o PT garantiu a \u201cindepend\u00eancia\u201d do antigo aliado na corrida presidencial ao apoiar a reelei\u00e7\u00e3o do governador Paulo C\u00e2mara (PSB) em Pernambuco.<\/p>\n<p>Embora ainda dividido, o partido caminha agora para ter maioria contr\u00e1ria \u00e0 uni\u00e3o com o PT. Esse parlamentar diz que Lula estar \u201cfora de circula\u00e7\u00e3o\u201d ajudou na aproxima\u00e7\u00e3o com PDT, PCdoB e outros partidos.<\/p>\n<p><strong>\u201cOposi\u00e7\u00e3o construtiva\u201d<\/strong><\/p>\n<p>Sob a lideran\u00e7a dos irm\u00e3os Ciro e Cid Gomes, l\u00edderes dessas legendas t\u00eam se reunido semanalmente para fechar blocos na C\u00e2mara e no Senado. Dizem que v\u00e3o fazer uma \u201coposi\u00e7\u00e3o construtiva\u201d, diferente da que o PT comanda contra Michel Temer (MDB).<\/p>\n<p>Presidentes das siglas dizem, por\u00e9m, que \u00e9 prematuro dizer que o ex-presidente est\u00e1 fora do jogo pol\u00edtico.<\/p>\n<p>\u2014 Ele mostrou for\u00e7a eleitoral. Lula colocou no segundo turno um poste sem luz, que era Haddad. Mas com o tempo, na situa\u00e7\u00e3o que ele est\u00e1, a tend\u00eancia \u00e9 se enfraquecer \u2014 diz o presidente do PDT, Carlos Lupi.<\/p>\n<p>No comando do PSB, Carlos Siqueira diz que \u201c\u00e9 preciso esperar para ver se o tempo confirmar\u00e1 a redu\u00e7\u00e3o (do poder pol\u00edtico de Lula)\u201d. Mas pondera que \u201cas lideran\u00e7as n\u00e3o s\u00e3o eternas\u201d e o ex-presidente j\u00e1 est\u00e1 com a atua\u00e7\u00e3o pol\u00edtica \u201climitada\u201d.<\/p>\n<p>\u2014 H\u00e1 uma limita\u00e7\u00e3o. \u00c9 uma pessoa que sequer pode conversar com os l\u00edderes de muitas agremia\u00e7\u00f5es porque est\u00e1 preso. No m\u00ednimo, est\u00e1 com a\u00e7\u00e3o limitada porque n\u00e3o tem como se comunicar \u2014 comenta.<\/p>\n<p>Embora admitam reservadamente inseguran\u00e7a sobre o futuro do \u201clulismo\u201d, petistas negam o enfraquecimento do ex-presidente no pr\u00f3prio partido. Dizem que v\u00e3o manter a bandeira \u201cLula livre\u201d. Atribuem a ele o \u201creerguimento\u201d da legenda p\u00f3s-2016.<\/p>\n<p>Naquele ano, o PT enfrentou uma s\u00e9rie de derrotas. Entre elas, o impeachment da ent\u00e3o presidente Dilma Rousseff; a condu\u00e7\u00e3o coercitiva de Lula, considerada o in\u00edcio do caminho que o levou \u00e0 pris\u00e3o; e o encolhimento nas elei\u00e7\u00f5es municipais, com perda de v\u00e1rias prefeituras importantes , como S\u00e3o Paulo.<\/p>\n<p>Para dirigentes petistas, foi a \u201cintelig\u00eancia pol\u00edtica\u201d do ex-presidente que reergueu o partido. Enquanto as den\u00fancias contra ele e o PT avan\u00e7avam, Lula intensificava o discurso de que se tratava de uma estrat\u00e9gia para impedi-lo de voltar ao comando do pa\u00eds.<\/p>\n<p>Por n\u00e3o ter nenhuma lideran\u00e7a com o mesmo peso para substitu\u00ed-lo, diz um antigo companheiro do ex-presidente, o PT continuar\u00e1 se fiando em Lula, enquanto tenta tra\u00e7ar o caminho da renova\u00e7\u00e3o de quadros.<\/p>\n","protected":false},"excerpt":{"rendered":"<p>A tentativa de PDT , PSB e PCdoB de se descolar do PT e ganhar o protagonismo da centro-esquerda passa por uma aposta: o progressivo&hellip; <\/p>\n","protected":false},"author":1,"featured_media":59369,"comment_status":"closed","ping_status":"closed","sticky":false,"template":"","format":"standard","meta":{"sfsi_plus_gutenberg_text_before_share":"","sfsi_plus_gutenberg_show_text_before_share":"","sfsi_plus_gutenberg_icon_type":"","sfsi_plus_gutenberg_icon_alignemt":"","sfsi_plus_gutenburg_max_per_row":"","footnotes":""},"categories":[11],"tags":[],"class_list":["post-75900","post","type-post","status-publish","format-standard","has-post-thumbnail","hentry","category-politica"],"_links":{"self":[{"href":"https:\/\/www.caririemacao.com\/1\/wp-json\/wp\/v2\/posts\/75900","targetHints":{"allow":["GET"]}}],"collection":[{"href":"https:\/\/www.caririemacao.com\/1\/wp-json\/wp\/v2\/posts"}],"about":[{"href":"https:\/\/www.caririemacao.com\/1\/wp-json\/wp\/v2\/types\/post"}],"author":[{"embeddable":true,"href":"https:\/\/www.caririemacao.com\/1\/wp-json\/wp\/v2\/users\/1"}],"replies":[{"embeddable":true,"href":"https:\/\/www.caririemacao.com\/1\/wp-json\/wp\/v2\/comments?post=75900"}],"version-history":[{"count":1,"href":"https:\/\/www.caririemacao.com\/1\/wp-json\/wp\/v2\/posts\/75900\/revisions"}],"predecessor-version":[{"id":75901,"href":"https:\/\/www.caririemacao.com\/1\/wp-json\/wp\/v2\/posts\/75900\/revisions\/75901"}],"wp:featuredmedia":[{"embeddable":true,"href":"https:\/\/www.caririemacao.com\/1\/wp-json\/wp\/v2\/media\/59369"}],"wp:attachment":[{"href":"https:\/\/www.caririemacao.com\/1\/wp-json\/wp\/v2\/media?parent=75900"}],"wp:term":[{"taxonomy":"category","embeddable":true,"href":"https:\/\/www.caririemacao.com\/1\/wp-json\/wp\/v2\/categories?post=75900"},{"taxonomy":"post_tag","embeddable":true,"href":"https:\/\/www.caririemacao.com\/1\/wp-json\/wp\/v2\/tags?post=75900"}],"curies":[{"name":"wp","href":"https:\/\/api.w.org\/{rel}","templated":true}]}}