{"id":75911,"date":"2018-12-09T14:18:31","date_gmt":"2018-12-09T17:18:31","guid":{"rendered":"http:\/\/www.caririemacao.com\/1\/?p=75911"},"modified":"2018-12-09T14:18:31","modified_gmt":"2018-12-09T17:18:31","slug":"policia-prende-homem-suspeito-de-roubo-a-um-estabelecimento-comercial-em-monteiro","status":"publish","type":"post","link":"https:\/\/www.caririemacao.com\/1\/2018\/12\/09\/policia-prende-homem-suspeito-de-roubo-a-um-estabelecimento-comercial-em-monteiro\/","title":{"rendered":"Pol\u00edcia prende homem suspeito de roubo a um estabelecimento comercial em Monteiro"},"content":{"rendered":"<p>A Pol\u00edcia Militar prendeu um suspeito de ter roubado um estabelecimento comercial, na madrugada deste domingo (9), na cidade de Monteiro. O suspeito, de 43 anos, foi preso logo ap\u00f3s o crime.<\/p>\n<p>A equipe policial estava em rondas, quando foi informada que um indiv\u00edduo encapuzado e armado com uma espingarda, calibre 12, havia invadido o estabelecimento e anunciado o roubo, levando consigo alguns pertences e dinheiro de clientes.<\/p>\n<p>As equipes policiais entraram em dilig\u00eancias e, com informa\u00e7\u00f5es da popula\u00e7\u00e3o, a motocicleta utilizada no roubo foi encontrada abandonada pr\u00f3ximo ao local e o suspeito foi interceptado nas proximidades do S\u00edtio Serra Negra, zona rural da cidade de Monteiro. O suspeito, que foi reconhecido pelo propriet\u00e1rio do estabelecimento, foi conduzido \u00e0 delegacia da cidade.<\/p>\n<p>&nbsp;<\/p>\n<p>Secom\/PB<\/p>\n","protected":false},"excerpt":{"rendered":"<p>A Pol\u00edcia Militar prendeu um suspeito de ter roubado um estabelecimento comercial, na madrugada deste domingo (9), na cidade de Monteiro. O suspeito, de 43&hellip; <\/p>\n","protected":false},"author":1,"featured_media":18430,"comment_status":"closed","ping_status":"closed","sticky":false,"template":"","format":"standard","meta":{"sfsi_plus_gutenberg_text_before_share":"","sfsi_plus_gutenberg_show_text_before_share":"","sfsi_plus_gutenberg_icon_type":"","sfsi_plus_gutenberg_icon_alignemt":"","sfsi_plus_gutenburg_max_per_row":"","footnotes":""},"categories":[50,12],"tags":[],"class_list":["post-75911","post","type-post","status-publish","format-standard","has-post-thumbnail","hentry","category-destaque","category-policia"],"_links":{"self":[{"href":"https:\/\/www.caririemacao.com\/1\/wp-json\/wp\/v2\/posts\/75911","targetHints":{"allow":["GET"]}}],"collection":[{"href":"https:\/\/www.caririemacao.com\/1\/wp-json\/wp\/v2\/posts"}],"about":[{"href":"https:\/\/www.caririemacao.com\/1\/wp-json\/wp\/v2\/types\/post"}],"author":[{"embeddable":true,"href":"https:\/\/www.caririemacao.com\/1\/wp-json\/wp\/v2\/users\/1"}],"replies":[{"embeddable":true,"href":"https:\/\/www.caririemacao.com\/1\/wp-json\/wp\/v2\/comments?post=75911"}],"version-history":[{"count":1,"href":"https:\/\/www.caririemacao.com\/1\/wp-json\/wp\/v2\/posts\/75911\/revisions"}],"predecessor-version":[{"id":75912,"href":"https:\/\/www.caririemacao.com\/1\/wp-json\/wp\/v2\/posts\/75911\/revisions\/75912"}],"wp:featuredmedia":[{"embeddable":true,"href":"https:\/\/www.caririemacao.com\/1\/wp-json\/wp\/v2\/media\/18430"}],"wp:attachment":[{"href":"https:\/\/www.caririemacao.com\/1\/wp-json\/wp\/v2\/media?parent=75911"}],"wp:term":[{"taxonomy":"category","embeddable":true,"href":"https:\/\/www.caririemacao.com\/1\/wp-json\/wp\/v2\/categories?post=75911"},{"taxonomy":"post_tag","embeddable":true,"href":"https:\/\/www.caririemacao.com\/1\/wp-json\/wp\/v2\/tags?post=75911"}],"curies":[{"name":"wp","href":"https:\/\/api.w.org\/{rel}","templated":true}]}}