{"id":75913,"date":"2018-12-09T14:19:44","date_gmt":"2018-12-09T17:19:44","guid":{"rendered":"http:\/\/www.caririemacao.com\/1\/?p=75913"},"modified":"2018-12-09T14:21:28","modified_gmt":"2018-12-09T17:21:28","slug":"piloto-vence-temporada-do-paraibano-e-do-nordestao-de-kart","status":"publish","type":"post","link":"https:\/\/www.caririemacao.com\/1\/2018\/12\/09\/piloto-vence-temporada-do-paraibano-e-do-nordestao-de-kart\/","title":{"rendered":"Piloto vence temporada do Paraibano e do Nordest\u00e3o de kart"},"content":{"rendered":"<p>Pela primeira vez completando uma temporada no kart, o piloto George\u00a0Filho conseguiu chamar a aten\u00e7\u00e3o por causa do desempenho. Ele levou\u00a0t\u00edtulo geral do Campeonato Paraibano e da Copa Nordeste em duas\u00a0categorias: j\u00fanior e sudam. A conquista, que tamb\u00e9m definiu outros\u00a0campe\u00f5es (confira a lista abaixo), aconteceu ap\u00f3s a 9\u00aa etapa do\u00a0Estadual, nesse s\u00e1bado, no Circuito Paladino, na cidade do Conde.<\/p>\n<p>\u201cN\u00e3o esperava este ano ser campe\u00e3o paraibano e do Nordeste. Logo na\u00a0primeira etapa tive um problema no carro por terem esquecido de apertar\u00a0o carburador. Mas a partir da segunda etapa alcancei a primeira vit\u00f3ria\u00a0da minha vida no kart e fui s\u00f3 ganhando e pontuando. Sempre conseguia\u00a0ser o mais r\u00e1pido\u201d, comemorou George Filho.<\/p>\n<p>Com aproximadamente 40 pilotos \u2013 da Para\u00edba, Pernambuco, Alagoas e Rio\u00a0Grande do Norte \u2013 em 10 categorias competindo, a 9\u00aa etapa valeu como as\u00a0\u00faltimas paradas do Paraibano e do Nordest\u00e3o. George Filho tamb\u00e9m saiu\u00a0vencedor. Mal terminou o calend\u00e1rio, o garoto j\u00e1 projetou o que espera\u00a0de 2019.<\/p>\n<p>\u201cEstou empolgado para a pr\u00f3xima temporada. Vou continuar treinando, me\u00a0preparando, em busca de ser vencedor outra vez\u201d, concluiu.<\/p>\n<p>Confira todos os campe\u00f5es:<\/p>\n<div id=\"attachment_536004\" class=\"wp-caption aligncenter\"><img decoding=\"async\" class=\"wp-image-536004 size-medium lazyload\" data-src=\"https:\/\/paraibaonline.com.br\/wp-content\/uploads\/2018\/12\/stock-car1-1-567x378.jpg\" data-srcset=\"https:\/\/paraibaonline.com.br\/wp-content\/uploads\/2018\/12\/stock-car1-1-567x378.jpg 567w, https:\/\/paraibaonline.com.br\/wp-content\/uploads\/2018\/12\/stock-car1-1.jpg 800w\" alt=\"Foto: Rico Santa Cruz\/Divulga\u00e7\u00e3o\/Circuito\" src=\"data:image\/svg+xml;base64,PHN2ZyB3aWR0aD0iMSIgaGVpZ2h0PSIxIiB4bWxucz0iaHR0cDovL3d3dy53My5vcmcvMjAwMC9zdmciPjwvc3ZnPg==\" style=\"--smush-placeholder-width: 567px; --smush-placeholder-aspect-ratio: 567\/378;\" \/><\/p>\n<p class=\"wp-caption-text\">Foto: Rico Santa Cruz\/Divulga\u00e7\u00e3o\/Circuito<\/p>\n<\/div>\n<p>9\u00aa ETAPA:<\/p>\n<p>Mirim<br \/>\n1\u00b0 Alexandre Leal (PE)<br \/>\n2\u00b0 Lucas Pontual (PE)<br \/>\n3\u00b0 Luis Felipe (PE)<br \/>\n4\u00b0 Pedro Montarroios (PE)<\/p>\n<p>Cadete<br \/>\n1\u00b0 Jo\u00e3o Marques (PE)<br \/>\n2\u00b0 Fabr\u00edcio Filho (PE)<br \/>\n3\u00b0 Leonardo Filho (PE)<br \/>\n4\u00b0 Chico Neto (PB)<br \/>\n5\u00b0 Jo\u00e3o Victor (PE)<\/p>\n<p>F4 Novatos<br \/>\n1\u00b0 Beatriz Martins (PB)<br \/>\n2\u00b0 J\u00falio Castelliano (PB)<br \/>\n3\u00b0 Pedro Kluppel (PB)<br \/>\n4\u00b0 Eduardo Akel (PE)<br \/>\n5\u00b0 Gabriel Sousa (RN)<\/p>\n<p>Sudam<br \/>\n1\u00b0 George Filho (PB)<br \/>\n2\u00b0 Daniel Coutinho (PB)<br \/>\n3\u00b0 Joaquim Neto (PB)<br \/>\n4\u00b0 Jo\u00e3o Maranh\u00e3o (PE)<br \/>\n5\u00b0 Rafael Gurgel (CE)<\/p>\n<p>Super S\u00eanior<br \/>\n1\u00b0 Augusto Aguiar (RN)<\/p>\n<p>F4 Graduados<br \/>\n1\u00b0 Alexandre Ramalho (PB)<br \/>\n2\u00b0 Elder J\u00fanior (PB)<br \/>\n3\u00b0 Daniel Barbosa (CE)<br \/>\n4\u00b0 Thiago Chianca (PB)<br \/>\n5\u00b0 Carlos Gabriel (CE)<\/p>\n<p>J\u00fanior<br \/>\n1\u00b0 George Filho (PB)<br \/>\n2\u00b0 Joaquim Neto (PB)<br \/>\n3\u00b0 Jo\u00e3o Maranh\u00e3o (PE)<\/p>\n<p>Novatos<br \/>\n1\u00b0 Daniel Coutinho PB)<br \/>\n2\u00b0 Rafael Gurgel (CE)<\/p>\n<p>S\u00eanior<br \/>\n1\u00b0 Josimar J\u00fanior (PE)<br \/>\n2\u00b0 Carlos Franco (AL)<br \/>\n3\u00b0 Francisco J\u00fanior (PB)<\/p>\n<p>F4 S\u00eanior<br \/>\n1\u00b0 Baruc Amorim (PB)<br \/>\n2\u00b0 Erli Cabral (PB)<br \/>\n3\u00b0 Nelson Pinho (PE)<br \/>\n4\u00b0 Gustavo Luiz (CE)<br \/>\n5\u00b0 Mauro Reis (CE)<\/p>\n<p>PARAIBANO \u2013 TEMPORADA:<\/p>\n<p>Mirim<br \/>\n1\u00b0 Alexandre Leal (PE)<br \/>\n2\u00b0 Lucas Pontual (PE)<\/p>\n<p>Cadete<br \/>\n1\u00b0 Fabr\u00edcio Filho (PE)<br \/>\n2\u00b0 Jo\u00e3o Marques (PE)<\/p>\n<p>F4 Graduados<br \/>\n1\u00b0 Elder J\u00fanior (PB)<br \/>\n2\u00b0 Alexandre Ramalho (PB)<\/p>\n<p>F4 Novatos<br \/>\n1\u00b0 Jadilson Melo (PB)<br \/>\n2\u00b0 Beatriz Martins (PB)<\/p>\n<p>F4 S\u00eanior<br \/>\n1\u00b0 Baruc Amorim (PB)<br \/>\n2\u00b0 Erli Cabral (PB)<\/p>\n<p>Sudam<br \/>\n1\u00b0 George Filho (PB)<br \/>\n2\u00b0 S\u00e9rgio Crispim Filho (PB)<\/p>\n<p>J\u00fanior<br \/>\n1\u00b0 George Filho (PB)<br \/>\n2\u00b0 Jo\u00e3o Maranh\u00e3o (PE)<\/p>\n<p>S\u00eanior<br \/>\n1\u00b0 Josimar J\u00fanior (PE)<br \/>\n2\u00b0 Francisco J\u00fanior (PB)<\/p>\n<p>Super S\u00eanior<br \/>\n1\u00b0 Augusto Aguiar (RN)<\/p>\n<p>Novatos<br \/>\n1\u00b0 Daniel Coutinho (PB)<\/p>\n<p>Rockup Super S\u00eanior<br \/>\n1\u00b0 Fabr\u00edcio Fechini (PB)<br \/>\n2\u00b0 Faruc Oliveira (PB)<\/p>\n<p>Rockup S\u00eanior<br \/>\n1\u00b0 Francisco J\u00fanior (PB)<br \/>\n2\u00b0 Felipe N\u00f3brega (PB)<\/p>\n<p>COPA NORDESTE:<\/p>\n<p>Super S\u00eanior<br \/>\n1\u00b0 Augusto Aguiar (RN)<br \/>\n2\u00b0 Marcos Sant\u00e9 (CE)<\/p>\n<p>F4 Graduados<br \/>\n1\u00b0 Elder J\u00fanior (PB)<br \/>\n2\u00b0 Daniel Barbosa (CE)<\/p>\n<p>F4 S\u00eanior<br \/>\n1\u00b0 Erli Cabral (PB)<br \/>\n2\u00b0 Mauro Reis (CE)<\/p>\n<p>Novatos<br \/>\n1\u00b0 Daniel Coutinho (PB)<br \/>\n2\u00b0 Jo\u00e3o Pedro (CE)<\/p>\n<p>S\u00eanior<br \/>\n1\u00b0 Carlos Franco (AL)<br \/>\n2\u00b0 Josimar J\u00fanior (PE)<\/p>\n<p>Graduados<br \/>\n1\u00b0 Marcos Borges (CE)<br \/>\n2\u00b0 S\u00e9rgio crispim Filho (PB)<\/p>\n<p>F4 Graduados<br \/>\n1\u00b0 Gabriel Sousa (RN)<br \/>\n2\u00b0 Beatriz Martins (PB)<\/p>\n<p>Cadete<br \/>\n1\u00b0 Fabr\u00edcio Filho (PE)<br \/>\n2\u00b0 Jo\u00e3o Marques (PE)<\/p>\n<p>J\u00fanior<br \/>\n1\u00b0 George Filho (PB)<br \/>\n2\u00b0 Jo\u00e3o Maranh\u00e3o (PE)<\/p>\n<p>Mirim<br \/>\n1\u00b0 Lucas Pontual (PE)<br \/>\n2\u00b0 Alexandre Leal (PE)<\/p>\n<p>&nbsp;<\/p>\n<p>Ascom<\/p>\n","protected":false},"excerpt":{"rendered":"<p>Pela primeira vez completando uma temporada no kart, o piloto George\u00a0Filho conseguiu chamar a aten\u00e7\u00e3o por causa do desempenho. Ele levou\u00a0t\u00edtulo geral do Campeonato Paraibano&hellip; <\/p>\n","protected":false},"author":1,"featured_media":75917,"comment_status":"closed","ping_status":"closed","sticky":false,"template":"","format":"standard","meta":{"sfsi_plus_gutenberg_text_before_share":"","sfsi_plus_gutenberg_show_text_before_share":"","sfsi_plus_gutenberg_icon_type":"","sfsi_plus_gutenberg_icon_alignemt":"","sfsi_plus_gutenburg_max_per_row":"","footnotes":""},"categories":[13],"tags":[],"class_list":["post-75913","post","type-post","status-publish","format-standard","has-post-thumbnail","hentry","category-esportes"],"_links":{"self":[{"href":"https:\/\/www.caririemacao.com\/1\/wp-json\/wp\/v2\/posts\/75913","targetHints":{"allow":["GET"]}}],"collection":[{"href":"https:\/\/www.caririemacao.com\/1\/wp-json\/wp\/v2\/posts"}],"about":[{"href":"https:\/\/www.caririemacao.com\/1\/wp-json\/wp\/v2\/types\/post"}],"author":[{"embeddable":true,"href":"https:\/\/www.caririemacao.com\/1\/wp-json\/wp\/v2\/users\/1"}],"replies":[{"embeddable":true,"href":"https:\/\/www.caririemacao.com\/1\/wp-json\/wp\/v2\/comments?post=75913"}],"version-history":[{"count":3,"href":"https:\/\/www.caririemacao.com\/1\/wp-json\/wp\/v2\/posts\/75913\/revisions"}],"predecessor-version":[{"id":75918,"href":"https:\/\/www.caririemacao.com\/1\/wp-json\/wp\/v2\/posts\/75913\/revisions\/75918"}],"wp:featuredmedia":[{"embeddable":true,"href":"https:\/\/www.caririemacao.com\/1\/wp-json\/wp\/v2\/media\/75917"}],"wp:attachment":[{"href":"https:\/\/www.caririemacao.com\/1\/wp-json\/wp\/v2\/media?parent=75913"}],"wp:term":[{"taxonomy":"category","embeddable":true,"href":"https:\/\/www.caririemacao.com\/1\/wp-json\/wp\/v2\/categories?post=75913"},{"taxonomy":"post_tag","embeddable":true,"href":"https:\/\/www.caririemacao.com\/1\/wp-json\/wp\/v2\/tags?post=75913"}],"curies":[{"name":"wp","href":"https:\/\/api.w.org\/{rel}","templated":true}]}}