{"id":75921,"date":"2018-12-09T14:25:09","date_gmt":"2018-12-09T17:25:09","guid":{"rendered":"http:\/\/www.caririemacao.com\/1\/?p=75921"},"modified":"2018-12-09T14:25:09","modified_gmt":"2018-12-09T17:25:09","slug":"bolsonaro-sera-diplomado-nesta-segunda-feira-pelo-tse","status":"publish","type":"post","link":"https:\/\/www.caririemacao.com\/1\/2018\/12\/09\/bolsonaro-sera-diplomado-nesta-segunda-feira-pelo-tse\/","title":{"rendered":"Bolsonaro ser\u00e1 diplomado nesta segunda-feira pelo TSE"},"content":{"rendered":"<p>O Tribunal Superior Eleitoral (TSE) enviou cerca de 700 convites para a cerim\u00f4nia de diploma\u00e7\u00e3o do presidente eleito, Jair Bolsonaro, e de seu vice Hamilton Mour\u00e3o, nesta segunda-feira (10), a partir das 16h.<\/p>\n<p>Os diplomas s\u00e3o assinados pela presidente do TSE, ministra Rosa Weber, que abre a sess\u00e3o solene e indica dois ministros para conduzirem os eleitos ao plen\u00e1rio.<\/p>\n<p>Segundo a programa\u00e7\u00e3o elaborada pelo tribunal, na cerim\u00f4nia, v\u00e3o discursar o presidente eleito e a ministra Rosa Weber. Os convidados poder\u00e3o acompanhar o evento no plen\u00e1rio e em dois audit\u00f3rios do tribunal, onde ser\u00e3o instalados de tel\u00f5es para transmiss\u00e3o ao vivo da cerim\u00f4nia. A diploma\u00e7\u00e3o tamb\u00e9m ser\u00e1 transmitida pela TV Justi\u00e7a e pelo portal do TSE.<\/p>\n<div class=\"dnd-widget-wrapper context-cheio_8colunas type-image\">\n<div class=\"dnd-atom-rendered\">\n<p>A diploma\u00e7\u00e3o \u00e9 uma etapa essencial para a pose dos candidatos eleitos e ocorre ap\u00f3s a aprova\u00e7\u00e3o da presta\u00e7\u00e3o de contas da campanha pela Justi\u00e7a Eleitoral. A movimenta\u00e7\u00e3o financeira da campanha de Bolsonaro foi aprovada, com ressalvas, no \u00faltimo dia 4 de dezembro. Segundo o TSE, a diploma\u00e7\u00e3o confirma que o pol\u00edtico escolhido pelos eleitores cumpriu todas as formalidades previstas na legisla\u00e7\u00e3o eleitoral e est\u00e1 apto a exercer o mandato.<\/p>\n<div id=\"attachment_536009\" class=\"wp-caption aligncenter\"><img decoding=\"async\" class=\"wp-image-536009 size-medium lazyload\" data-src=\"https:\/\/paraibaonline.com.br\/wp-content\/uploads\/2018\/12\/BOLSONARO-NOVA-1-567x378.jpg\" data-srcset=\"https:\/\/paraibaonline.com.br\/wp-content\/uploads\/2018\/12\/BOLSONARO-NOVA-1-567x378.jpg 567w, https:\/\/paraibaonline.com.br\/wp-content\/uploads\/2018\/12\/BOLSONARO-NOVA-1.jpg 800w\" alt=\"Foto: T\u00e2nia Reg\u00f4 \/ Ag\u00eancia Brasil\" src=\"data:image\/svg+xml;base64,PHN2ZyB3aWR0aD0iMSIgaGVpZ2h0PSIxIiB4bWxucz0iaHR0cDovL3d3dy53My5vcmcvMjAwMC9zdmciPjwvc3ZnPg==\" style=\"--smush-placeholder-width: 567px; --smush-placeholder-aspect-ratio: 567\/378;\" \/><\/p>\n<p class=\"wp-caption-text\">Foto: T\u00e2nia Reg\u00f4 \/ Ag\u00eancia Brasil<\/p>\n<\/div>\n<p><strong>Hist\u00f3rico<\/strong><\/p>\n<p>Esta ser\u00e1 a d\u00e9cima primeira diploma\u00e7\u00e3o conduzida pelo TSE. Conforme o tribunal, a cerim\u00f4nia \u00e9 realizada desde 1951, quando Get\u00falio Vargas retornou \u00e0 Presid\u00eancia da Rep\u00fablica por meio do voto popular, mas foi suspensa durante o regime militar (1964 a 1985).<\/p>\n<p>Por\u00e9m o primeiro diploma expedido pela Justi\u00e7a Eleitoral, nos moldes atuais, foi em 1946, para Eurico Gaspar Dutra. Nos registros do TSE n\u00e3o consta ter havido solenidade de entrega dos diplomas ao presidente eleito naquele ano. Ap\u00f3s o processo de redemocratiza\u00e7\u00e3o do pa\u00eds, Fernando Collor foi o primeiro a ser diplomado pelo TSE.<\/p>\n<p>O documento \u00e9 confeccionado e emitido pela Justi\u00e7a Eleitoral, com c\u00f3digo de autenticidade gerado pelo sistema de candidaturas. Devem constar no diploma o nome do candidato, o partido ou a coliga\u00e7\u00e3o pela qual concorreu e o cargo para o qual foi eleito ou a sua condi\u00e7\u00e3o de suplente.<\/p>\n<p>De acordo com o calend\u00e1rio eleitoral de 2018, o prazo para diploma\u00e7\u00e3o vai at\u00e9 o dia 19 de dezembro. A responsabilidade de diplomar os eleitos para os demais cargos \u2013 governadores dos 26 estados e do Distrito Federal, senadores, deputados federais, estaduais e distritais \u2013 \u00e9 dos tribunais regionais eleitorais de cada unidade da federa\u00e7\u00e3o.<\/p>\n<\/div>\n<\/div>\n<p>&nbsp;<\/p>\n<p>Ag\u00eancia Brasil<\/p>\n","protected":false},"excerpt":{"rendered":"<p>O Tribunal Superior Eleitoral (TSE) enviou cerca de 700 convites para a cerim\u00f4nia de diploma\u00e7\u00e3o do presidente eleito, Jair Bolsonaro, e de seu vice Hamilton&hellip; <\/p>\n","protected":false},"author":1,"featured_media":70104,"comment_status":"closed","ping_status":"closed","sticky":false,"template":"","format":"standard","meta":{"sfsi_plus_gutenberg_text_before_share":"","sfsi_plus_gutenberg_show_text_before_share":"","sfsi_plus_gutenberg_icon_type":"","sfsi_plus_gutenberg_icon_alignemt":"","sfsi_plus_gutenburg_max_per_row":"","footnotes":""},"categories":[11],"tags":[],"class_list":["post-75921","post","type-post","status-publish","format-standard","has-post-thumbnail","hentry","category-politica"],"_links":{"self":[{"href":"https:\/\/www.caririemacao.com\/1\/wp-json\/wp\/v2\/posts\/75921","targetHints":{"allow":["GET"]}}],"collection":[{"href":"https:\/\/www.caririemacao.com\/1\/wp-json\/wp\/v2\/posts"}],"about":[{"href":"https:\/\/www.caririemacao.com\/1\/wp-json\/wp\/v2\/types\/post"}],"author":[{"embeddable":true,"href":"https:\/\/www.caririemacao.com\/1\/wp-json\/wp\/v2\/users\/1"}],"replies":[{"embeddable":true,"href":"https:\/\/www.caririemacao.com\/1\/wp-json\/wp\/v2\/comments?post=75921"}],"version-history":[{"count":1,"href":"https:\/\/www.caririemacao.com\/1\/wp-json\/wp\/v2\/posts\/75921\/revisions"}],"predecessor-version":[{"id":75922,"href":"https:\/\/www.caririemacao.com\/1\/wp-json\/wp\/v2\/posts\/75921\/revisions\/75922"}],"wp:featuredmedia":[{"embeddable":true,"href":"https:\/\/www.caririemacao.com\/1\/wp-json\/wp\/v2\/media\/70104"}],"wp:attachment":[{"href":"https:\/\/www.caririemacao.com\/1\/wp-json\/wp\/v2\/media?parent=75921"}],"wp:term":[{"taxonomy":"category","embeddable":true,"href":"https:\/\/www.caririemacao.com\/1\/wp-json\/wp\/v2\/categories?post=75921"},{"taxonomy":"post_tag","embeddable":true,"href":"https:\/\/www.caririemacao.com\/1\/wp-json\/wp\/v2\/tags?post=75921"}],"curies":[{"name":"wp","href":"https:\/\/api.w.org\/{rel}","templated":true}]}}