{"id":75923,"date":"2018-12-09T14:33:38","date_gmt":"2018-12-09T17:33:38","guid":{"rendered":"http:\/\/www.caririemacao.com\/1\/?p=75923"},"modified":"2018-12-10T01:38:38","modified_gmt":"2018-12-10T04:38:38","slug":"a-uniao-da-juventude-socialista-de-sume-emitem-notas-sobre-o-caso-de-assassinato-de-sem-terras-em-alhandra","status":"publish","type":"post","link":"https:\/\/www.caririemacao.com\/1\/2018\/12\/09\/a-uniao-da-juventude-socialista-de-sume-emitem-notas-sobre-o-caso-de-assassinato-de-sem-terras-em-alhandra\/","title":{"rendered":"UJS de Sum\u00e9 emite nota sobre assassinato de sem-terras na PB"},"content":{"rendered":"<p>O presidente da Uni\u00e3o da Juventude de Sum\u00e9, Igor de Sousa, emitiu neste domingo (9), uma Nota de Rep\u00fadio pelo assassinato de dois militantes do MST na Para\u00edba.<\/p>\n<p><strong>Confira a nota<\/strong><\/p>\n<p>A Uni\u00e3o da Juventude Socialista de Sum\u00e9 vem atrav\u00e9s deste prestar solidariedade aos companheiros do Movimento dos Trabalhadores Rurais Sem Terra, pelo brutal assassinato de Orlando e Rodrigo, enquanto jantavam na noite de ontem no Acampamento D. Jos\u00e9 Maria Pires, em Alhandra.<\/p>\n<p>N\u00e3o podemos tolerar a morte daqueles que lutam por um Brasil livre, solid\u00e1rio e justo. N\u00e3o podemos aceitar calados que capangas encapuzados e fortemente armados retirem das nossas fileiras os nossos c<span class=\"text_exposed_show\">ompanheiros.<\/span><\/p>\n<div class=\"text_exposed_show\">\n<p>Clamemos por justi\u00e7a e lutemos por um Brasil melhor.<\/p>\n<p>Companheiros Orlando e Rodrigo, PRESENTES.<\/p>\n<p><em>Nosso luto \u00e9 luta!<\/em><\/p>\n<p>Att,<br \/>\nIGOR DE SOUSA<br \/>\nPresidente da UJS Sum\u00e9<\/p>\n<\/div>\n","protected":false},"excerpt":{"rendered":"<p>O presidente da Uni\u00e3o da Juventude de Sum\u00e9, Igor de Sousa, emitiu neste domingo (9), uma Nota de Rep\u00fadio pelo assassinato de dois militantes do&hellip; <\/p>\n","protected":false},"author":1,"featured_media":75924,"comment_status":"closed","ping_status":"closed","sticky":false,"template":"","format":"standard","meta":{"sfsi_plus_gutenberg_text_before_share":"","sfsi_plus_gutenberg_show_text_before_share":"","sfsi_plus_gutenberg_icon_type":"","sfsi_plus_gutenberg_icon_alignemt":"","sfsi_plus_gutenburg_max_per_row":"","footnotes":""},"categories":[2],"tags":[],"class_list":["post-75923","post","type-post","status-publish","format-standard","has-post-thumbnail","hentry","category-geral"],"_links":{"self":[{"href":"https:\/\/www.caririemacao.com\/1\/wp-json\/wp\/v2\/posts\/75923","targetHints":{"allow":["GET"]}}],"collection":[{"href":"https:\/\/www.caririemacao.com\/1\/wp-json\/wp\/v2\/posts"}],"about":[{"href":"https:\/\/www.caririemacao.com\/1\/wp-json\/wp\/v2\/types\/post"}],"author":[{"embeddable":true,"href":"https:\/\/www.caririemacao.com\/1\/wp-json\/wp\/v2\/users\/1"}],"replies":[{"embeddable":true,"href":"https:\/\/www.caririemacao.com\/1\/wp-json\/wp\/v2\/comments?post=75923"}],"version-history":[{"count":7,"href":"https:\/\/www.caririemacao.com\/1\/wp-json\/wp\/v2\/posts\/75923\/revisions"}],"predecessor-version":[{"id":76006,"href":"https:\/\/www.caririemacao.com\/1\/wp-json\/wp\/v2\/posts\/75923\/revisions\/76006"}],"wp:featuredmedia":[{"embeddable":true,"href":"https:\/\/www.caririemacao.com\/1\/wp-json\/wp\/v2\/media\/75924"}],"wp:attachment":[{"href":"https:\/\/www.caririemacao.com\/1\/wp-json\/wp\/v2\/media?parent=75923"}],"wp:term":[{"taxonomy":"category","embeddable":true,"href":"https:\/\/www.caririemacao.com\/1\/wp-json\/wp\/v2\/categories?post=75923"},{"taxonomy":"post_tag","embeddable":true,"href":"https:\/\/www.caririemacao.com\/1\/wp-json\/wp\/v2\/tags?post=75923"}],"curies":[{"name":"wp","href":"https:\/\/api.w.org\/{rel}","templated":true}]}}