{"id":75932,"date":"2018-12-09T15:15:49","date_gmt":"2018-12-09T18:15:49","guid":{"rendered":"http:\/\/www.caririemacao.com\/1\/?p=75932"},"modified":"2018-12-09T15:15:49","modified_gmt":"2018-12-09T18:15:49","slug":"governo-municipal-de-camalau-adquire-transporte-para-a-secretaria-de-educacao","status":"publish","type":"post","link":"https:\/\/www.caririemacao.com\/1\/2018\/12\/09\/governo-municipal-de-camalau-adquire-transporte-para-a-secretaria-de-educacao\/","title":{"rendered":"Governo Municipal de Camala\u00fa adquire transporte para a Secretaria de Educa\u00e7\u00e3o"},"content":{"rendered":"<p><span style=\"color: #444444; text-transform: none; text-indent: 0px; letter-spacing: normal; font-family: 'Open Sans', serif; font-size: 15px; font-style: normal; font-weight: normal; word-spacing: 0px; float: none; display: inline !important; white-space: normal; orphans: 2; widows: 2; background-color: #ffffff; font-variant-ligatures: normal; font-variant-caps: normal; -webkit-text-stroke-width: 0px; text-decoration-style: initial; text-decoration-color: initial;\"><img fetchpriority=\"high\" decoding=\"async\" class=\"alignnone size-medium wp-image-75934\" src=\"http:\/\/www.caririemacao.com\/1\/wp-content\/uploads\/2018\/12\/47574530_1493195750810790_2265657461241282560_n-300x225-300x225.jpg\" alt=\"\" width=\"300\" height=\"225\" \/><\/span><\/p>\n<p><span style=\"color: #444444; text-transform: none; text-indent: 0px; letter-spacing: normal; font-family: 'Open Sans', serif; font-size: 15px; font-style: normal; font-weight: normal; word-spacing: 0px; float: none; display: inline !important; white-space: normal; orphans: 2; widows: 2; background-color: #ffffff; font-variant-ligatures: normal; font-variant-caps: normal; -webkit-text-stroke-width: 0px; text-decoration-style: initial; text-decoration-color: initial;\">Governo Municipal de Camala\u00fa adquire transporte para a Secretaria de Educa\u00e7\u00e3o, dentro de um projeto de renova\u00e7\u00e3o da frota de ve\u00edculos.<\/span><\/p>\n<p style=\"margin: 0px 0px 15px; padding: 0px; outline: 0px; border: 0px currentColor; color: #444444; text-transform: none; line-height: 1.6; text-indent: 0px; letter-spacing: normal; font-family: 'Open Sans', serif; font-size: 15px; font-style: normal; font-weight: normal; word-spacing: 0px; vertical-align: baseline; white-space: normal; orphans: 2; widows: 2; font-stretch: inherit; background-color: #ffffff; font-variant-ligatures: normal; font-variant-caps: normal; -webkit-text-stroke-width: 0px; text-decoration-style: initial; text-decoration-color: initial; font-variant-numeric: inherit;\">O ve\u00edculo foi entregue nesta sexta feira dia 07 de dezembro ao vice prefeito Kiel, que na oportunidade estava representando o prefeito Sandro M\u00f4co que estava em audi\u00eancia com o senador Veneziano. Quem tamb\u00e9m estava presente no recebimento do transporte, era a Secret\u00e1ria de Educa\u00e7\u00e3o Sandra Freitas, o vereador C\u00e9lio M\u00f4co, o ex vereador Gilberto Evangelista, o professor Wedson Jo\u00e3o e o funcion\u00e1rio p\u00fablico Everaldo Rodrigues.<\/p>\n<p style=\"margin: 0px 0px 15px; padding: 0px; outline: 0px; border: 0px currentColor; color: #444444; text-transform: none; line-height: 1.6; text-indent: 0px; letter-spacing: normal; font-family: 'Open Sans', serif; font-size: 15px; font-style: normal; font-weight: normal; word-spacing: 0px; vertical-align: baseline; white-space: normal; orphans: 2; widows: 2; font-stretch: inherit; background-color: #ffffff; font-variant-ligatures: normal; font-variant-caps: normal; -webkit-text-stroke-width: 0px; text-decoration-style: initial; text-decoration-color: initial; font-variant-numeric: inherit;\">O carro para a Secretaria de Educa\u00e7\u00e3o foi adquirido com recursos pr\u00f3prios.<\/p>\n<p style=\"margin: 0px 0px 15px; padding: 0px; outline: 0px; border: 0px currentColor; color: #444444; text-transform: none; line-height: 1.6; text-indent: 0px; letter-spacing: normal; font-family: 'Open Sans', serif; font-size: 15px; font-style: normal; font-weight: normal; word-spacing: 0px; vertical-align: baseline; white-space: normal; orphans: 2; widows: 2; font-stretch: inherit; background-color: #ffffff; font-variant-ligatures: normal; font-variant-caps: normal; -webkit-text-stroke-width: 0px; text-decoration-style: initial; text-decoration-color: initial; font-variant-numeric: inherit;\">\n<p style=\"margin: 0px 0px 15px; padding: 0px; outline: 0px; border: 0px currentColor; color: #444444; text-transform: none; line-height: 1.6; text-indent: 0px; letter-spacing: normal; font-family: 'Open Sans', serif; font-size: 15px; font-style: normal; font-weight: normal; word-spacing: 0px; vertical-align: baseline; white-space: normal; orphans: 2; widows: 2; font-stretch: inherit; background-color: #ffffff; font-variant-ligatures: normal; font-variant-caps: normal; -webkit-text-stroke-width: 0px; text-decoration-style: initial; text-decoration-color: initial; font-variant-numeric: inherit;\">DCS<\/p>\n","protected":false},"excerpt":{"rendered":"<p>Governo Municipal de Camala\u00fa adquire transporte para a Secretaria de Educa\u00e7\u00e3o, dentro de um projeto de renova\u00e7\u00e3o da frota de ve\u00edculos. O ve\u00edculo foi entregue&hellip; <\/p>\n","protected":false},"author":1,"featured_media":75933,"comment_status":"closed","ping_status":"closed","sticky":false,"template":"","format":"standard","meta":{"sfsi_plus_gutenberg_text_before_share":"","sfsi_plus_gutenberg_show_text_before_share":"","sfsi_plus_gutenberg_icon_type":"","sfsi_plus_gutenberg_icon_alignemt":"","sfsi_plus_gutenburg_max_per_row":"","footnotes":""},"categories":[14],"tags":[],"class_list":["post-75932","post","type-post","status-publish","format-standard","has-post-thumbnail","hentry","category-educacao"],"_links":{"self":[{"href":"https:\/\/www.caririemacao.com\/1\/wp-json\/wp\/v2\/posts\/75932","targetHints":{"allow":["GET"]}}],"collection":[{"href":"https:\/\/www.caririemacao.com\/1\/wp-json\/wp\/v2\/posts"}],"about":[{"href":"https:\/\/www.caririemacao.com\/1\/wp-json\/wp\/v2\/types\/post"}],"author":[{"embeddable":true,"href":"https:\/\/www.caririemacao.com\/1\/wp-json\/wp\/v2\/users\/1"}],"replies":[{"embeddable":true,"href":"https:\/\/www.caririemacao.com\/1\/wp-json\/wp\/v2\/comments?post=75932"}],"version-history":[{"count":1,"href":"https:\/\/www.caririemacao.com\/1\/wp-json\/wp\/v2\/posts\/75932\/revisions"}],"predecessor-version":[{"id":75935,"href":"https:\/\/www.caririemacao.com\/1\/wp-json\/wp\/v2\/posts\/75932\/revisions\/75935"}],"wp:featuredmedia":[{"embeddable":true,"href":"https:\/\/www.caririemacao.com\/1\/wp-json\/wp\/v2\/media\/75933"}],"wp:attachment":[{"href":"https:\/\/www.caririemacao.com\/1\/wp-json\/wp\/v2\/media?parent=75932"}],"wp:term":[{"taxonomy":"category","embeddable":true,"href":"https:\/\/www.caririemacao.com\/1\/wp-json\/wp\/v2\/categories?post=75932"},{"taxonomy":"post_tag","embeddable":true,"href":"https:\/\/www.caririemacao.com\/1\/wp-json\/wp\/v2\/tags?post=75932"}],"curies":[{"name":"wp","href":"https:\/\/api.w.org\/{rel}","templated":true}]}}