{"id":75936,"date":"2018-12-09T15:21:33","date_gmt":"2018-12-09T18:21:33","guid":{"rendered":"http:\/\/www.caririemacao.com\/1\/?p=75936"},"modified":"2018-12-09T15:21:33","modified_gmt":"2018-12-09T18:21:33","slug":"ex-secretario-de-alckmin-sera-ministro-do-meio-ambiente","status":"publish","type":"post","link":"https:\/\/www.caririemacao.com\/1\/2018\/12\/09\/ex-secretario-de-alckmin-sera-ministro-do-meio-ambiente\/","title":{"rendered":"Ex-secret\u00e1rio de Alckmin ser\u00e1 ministro do Meio Ambiente"},"content":{"rendered":"<p>O presidente eleito Jair Bolsonaro definiu hoje (9) o \u00faltimo integrante da Esplanada dos Minist\u00e9rios, que ter\u00e1 22 pastas. Em comunicado nas suas redes sociais, Bolsonaro informou que o advogado e administrador Ricardo de Aquino Salles ser\u00e1 o ministro do Meio Ambiente. \u201cComunico a indica\u00e7\u00e3o do sr. Ricardo de Aquino Salles para estar \u00e0 frente do futuro Minist\u00e9rio do Meio Ambiente\u201d, escreveu no Twitter.<\/p>\n<p>Salles \u00e9 vinculado ao ex-governador de S\u00e3o Paulo, o tucano Geraldo Alckmin, derrotado nas elei\u00e7\u00f5es presidenciais deste ano. Entre 2013 e 2014, foi secret\u00e1rio particular de Alckmin. De 2016 a 2017, Salles foi secret\u00e1rio de Meio Ambiente de S\u00e3o Paulo.<\/p>\n<p>Em 2006 participou da funda\u00e7\u00e3o do Movimento Endireita Brasil (MEB), juntamente com quatro amigos. A entidade ficou conhecida por criar o Dia da Liberdade de Impostos em S\u00e3o Paulo, em 2010, evento que ocorre no m\u00eas de maio.<\/p>\n<p>O futuro ministro \u00e9 formado em direito pela Universidade Presbiteriana Mackenzie, cursou p\u00f3s-gradua\u00e7\u00e3o nas universidades de Coimbra e de Lisboa, al\u00e9m de ter especializa\u00e7\u00e3o em administra\u00e7\u00e3o de empresas pela Funda\u00e7\u00e3o Getulio Vargas. Em 2012, juntamente com o advogado Guilherme Campos Abdalla, pediu o impeachment do ministro Dias Toffoli, atual presidente do Supremo Tribunal Federal, por crime de responsabilidade, no julgamento da a\u00e7\u00e3o penal do mensal\u00e3o.<\/p>\n<p><strong>Ag\u00eancia Brasil<\/strong><\/p>\n","protected":false},"excerpt":{"rendered":"<p>O presidente eleito Jair Bolsonaro definiu hoje (9) o \u00faltimo integrante da Esplanada dos Minist\u00e9rios, que ter\u00e1 22 pastas. Em comunicado nas suas redes sociais,&hellip; <\/p>\n","protected":false},"author":1,"featured_media":75938,"comment_status":"closed","ping_status":"closed","sticky":false,"template":"","format":"standard","meta":{"sfsi_plus_gutenberg_text_before_share":"","sfsi_plus_gutenberg_show_text_before_share":"","sfsi_plus_gutenberg_icon_type":"","sfsi_plus_gutenberg_icon_alignemt":"","sfsi_plus_gutenburg_max_per_row":"","footnotes":""},"categories":[11],"tags":[],"class_list":["post-75936","post","type-post","status-publish","format-standard","has-post-thumbnail","hentry","category-politica"],"_links":{"self":[{"href":"https:\/\/www.caririemacao.com\/1\/wp-json\/wp\/v2\/posts\/75936","targetHints":{"allow":["GET"]}}],"collection":[{"href":"https:\/\/www.caririemacao.com\/1\/wp-json\/wp\/v2\/posts"}],"about":[{"href":"https:\/\/www.caririemacao.com\/1\/wp-json\/wp\/v2\/types\/post"}],"author":[{"embeddable":true,"href":"https:\/\/www.caririemacao.com\/1\/wp-json\/wp\/v2\/users\/1"}],"replies":[{"embeddable":true,"href":"https:\/\/www.caririemacao.com\/1\/wp-json\/wp\/v2\/comments?post=75936"}],"version-history":[{"count":1,"href":"https:\/\/www.caririemacao.com\/1\/wp-json\/wp\/v2\/posts\/75936\/revisions"}],"predecessor-version":[{"id":75939,"href":"https:\/\/www.caririemacao.com\/1\/wp-json\/wp\/v2\/posts\/75936\/revisions\/75939"}],"wp:featuredmedia":[{"embeddable":true,"href":"https:\/\/www.caririemacao.com\/1\/wp-json\/wp\/v2\/media\/75938"}],"wp:attachment":[{"href":"https:\/\/www.caririemacao.com\/1\/wp-json\/wp\/v2\/media?parent=75936"}],"wp:term":[{"taxonomy":"category","embeddable":true,"href":"https:\/\/www.caririemacao.com\/1\/wp-json\/wp\/v2\/categories?post=75936"},{"taxonomy":"post_tag","embeddable":true,"href":"https:\/\/www.caririemacao.com\/1\/wp-json\/wp\/v2\/tags?post=75936"}],"curies":[{"name":"wp","href":"https:\/\/api.w.org\/{rel}","templated":true}]}}