{"id":75940,"date":"2018-12-09T15:24:25","date_gmt":"2018-12-09T18:24:25","guid":{"rendered":"http:\/\/www.caririemacao.com\/1\/?p=75940"},"modified":"2018-12-09T15:24:25","modified_gmt":"2018-12-09T18:24:25","slug":"jovens-sao-arremessados-de-veiculo-apos-condutor-perder-controle-da-direcao-na-paraiba","status":"publish","type":"post","link":"https:\/\/www.caririemacao.com\/1\/2018\/12\/09\/jovens-sao-arremessados-de-veiculo-apos-condutor-perder-controle-da-direcao-na-paraiba\/","title":{"rendered":"Jovens s\u00e3o arremessados de ve\u00edculo ap\u00f3s condutor perder controle da dire\u00e7\u00e3o na Para\u00edba"},"content":{"rendered":"<p>Na noite deste s\u00e1bado (8), dois jovens ficaram feridos ap\u00f3s serem arremessados de ve\u00edculo na Para\u00edba. Os dois jovens seguiam em uma caminhonete, quando o condutor perdeu o controle do ve\u00edculo.<\/p>\n<p>Com o impacto, os jovens foram arremessados para fora do carro. O acidente aconteceu na rodovia que liga as cidades de Cajazeiras e S\u00e3o Jos\u00e9 de Piranhas.<\/p>\n<p>As v\u00edtimas foram socorridas pelo Samu e pelo Corpo de Bombeiros para o Hospital Regional de Cajazeiras. O estado de sa\u00fade delas n\u00e3o foi divulgado.<\/p>\n<p>A Pol\u00edcia investiga as causas do acidente.<\/p>\n<p>&nbsp;<\/p>\n<p>Ascom\/PB<\/p>\n","protected":false},"excerpt":{"rendered":"<p>Na noite deste s\u00e1bado (8), dois jovens ficaram feridos ap\u00f3s serem arremessados de ve\u00edculo na Para\u00edba. Os dois jovens seguiam em uma caminhonete, quando o&hellip; <\/p>\n","protected":false},"author":1,"featured_media":75941,"comment_status":"closed","ping_status":"closed","sticky":false,"template":"","format":"standard","meta":{"sfsi_plus_gutenberg_text_before_share":"","sfsi_plus_gutenberg_show_text_before_share":"","sfsi_plus_gutenberg_icon_type":"","sfsi_plus_gutenberg_icon_alignemt":"","sfsi_plus_gutenburg_max_per_row":"","footnotes":""},"categories":[12],"tags":[],"class_list":["post-75940","post","type-post","status-publish","format-standard","has-post-thumbnail","hentry","category-policia"],"_links":{"self":[{"href":"https:\/\/www.caririemacao.com\/1\/wp-json\/wp\/v2\/posts\/75940","targetHints":{"allow":["GET"]}}],"collection":[{"href":"https:\/\/www.caririemacao.com\/1\/wp-json\/wp\/v2\/posts"}],"about":[{"href":"https:\/\/www.caririemacao.com\/1\/wp-json\/wp\/v2\/types\/post"}],"author":[{"embeddable":true,"href":"https:\/\/www.caririemacao.com\/1\/wp-json\/wp\/v2\/users\/1"}],"replies":[{"embeddable":true,"href":"https:\/\/www.caririemacao.com\/1\/wp-json\/wp\/v2\/comments?post=75940"}],"version-history":[{"count":1,"href":"https:\/\/www.caririemacao.com\/1\/wp-json\/wp\/v2\/posts\/75940\/revisions"}],"predecessor-version":[{"id":75942,"href":"https:\/\/www.caririemacao.com\/1\/wp-json\/wp\/v2\/posts\/75940\/revisions\/75942"}],"wp:featuredmedia":[{"embeddable":true,"href":"https:\/\/www.caririemacao.com\/1\/wp-json\/wp\/v2\/media\/75941"}],"wp:attachment":[{"href":"https:\/\/www.caririemacao.com\/1\/wp-json\/wp\/v2\/media?parent=75940"}],"wp:term":[{"taxonomy":"category","embeddable":true,"href":"https:\/\/www.caririemacao.com\/1\/wp-json\/wp\/v2\/categories?post=75940"},{"taxonomy":"post_tag","embeddable":true,"href":"https:\/\/www.caririemacao.com\/1\/wp-json\/wp\/v2\/tags?post=75940"}],"curies":[{"name":"wp","href":"https:\/\/api.w.org\/{rel}","templated":true}]}}