{"id":75946,"date":"2018-12-09T15:35:21","date_gmt":"2018-12-09T18:35:21","guid":{"rendered":"http:\/\/www.caririemacao.com\/1\/?p=75946"},"modified":"2018-12-09T15:35:21","modified_gmt":"2018-12-09T18:35:21","slug":"joao-diz-que-e-inadmissivel-atos-de-barbarie-como-o-assassinato-dos-integrantes-do-mst-na-pb","status":"publish","type":"post","link":"https:\/\/www.caririemacao.com\/1\/2018\/12\/09\/joao-diz-que-e-inadmissivel-atos-de-barbarie-como-o-assassinato-dos-integrantes-do-mst-na-pb\/","title":{"rendered":"Jo\u00e3o diz que \u00e9 inadmiss\u00edvel atos de barb\u00e1rie como o assassinato dos integrantes do MST na PB"},"content":{"rendered":"<p>O governador eleito da Para\u00edba, Jo\u00e3o Azev\u00eado, expressou em nota sua completa indigna\u00e7\u00e3o pelo assassinato dos dois militantes do\u00a0Movimento Sem-Terra na Para\u00edba. Jos\u00e9 Bernardino da Silva e Rodrigo Celestino foram\u00a0metralhados covardemente na noite deste s\u00e1bado (8), em acampamento, no munic\u00edpio de Alhandra.<\/p>\n<p>Jo\u00e3o ainda afirmou que \u00e9 completamento inadmiss\u00edvel ap\u00f3s avan\u00e7os no respeito \u00e0s lutas sociais, atos de barb\u00e1rie como este.<\/p>\n<p>Para finalizar, o governador eleito se solidarizou com \u00e0s fam\u00edlias, amigos e demais integrantes do MST.<\/p>\n<p><strong>NOTA<\/strong><\/p>\n<p><em>Quero expressar minha completa indigna\u00e7\u00e3o e, ao mesmo tempo, lamentar profundamente a execu\u00e7\u00e3o de dois militantes do Movimento Sem-Terra na Para\u00edba, Jos\u00e9 Bernardino da Silva e Rodrigo Celestino, metralhados covardemente na noite deste s\u00e1bado, em acampamento, no munic\u00edpio de Alhandra.<br \/>\nMesmo sem sabermos ainda a real motiva\u00e7\u00e3o da atitude criminosa, \u00e9 completamente inadmiss\u00edvel e inacredit\u00e1vel que, ap\u00f3s tantos avan\u00e7os no respeito \u00e0s lutas sociais, estejamos ainda sujeitos a atos de barb\u00e1rie como este. \u00c9 contra este estado de intoler\u00e2ncia que precisamos ficar alertas para n\u00e3o deixarmos que atentados como estes voltem a se tornar algo banal em nossa sociedade.<br \/>\nConfiamos plenamente no trabalho das pol\u00edcias de nosso Estado no processo de investiga\u00e7\u00e3o e identifica\u00e7\u00e3o dos respons\u00e1veis pelo crime e, posteriormente, na consci\u00eancia do dever de justi\u00e7a que deve pautar as decis\u00f5es dos julgadores.<br \/>\nE refor\u00e7amos nossa vigil\u00e2ncia na defesa de uma sociedade cada vez mais democr\u00e1tica, que respeite as diferen\u00e7as, as necessidades de cada um, que exercite a paz entre as rela\u00e7\u00f5es humanas e, especialmente, valorize a vida.<br \/>\nAo MST e \u00e0 fam\u00edlia dos militantes assassinados, toda minha consterna\u00e7\u00e3o e solidariedade, bem como o compromisso de continuar sendo um incans\u00e1vel defensor dos direitos \u00e0 liberdade, ao trabalho e \u00e0 vida.\u00a0<\/em><\/p>\n<p><em>Jo\u00e3o Azev\u00eado<br \/>\nGovernador Eleito da Para\u00edba<\/em><\/p>\n","protected":false},"excerpt":{"rendered":"<p>O governador eleito da Para\u00edba, Jo\u00e3o Azev\u00eado, expressou em nota sua completa indigna\u00e7\u00e3o pelo assassinato dos dois militantes do\u00a0Movimento Sem-Terra na Para\u00edba. Jos\u00e9 Bernardino da&hellip; <\/p>\n","protected":false},"author":1,"featured_media":36627,"comment_status":"closed","ping_status":"closed","sticky":false,"template":"","format":"standard","meta":{"sfsi_plus_gutenberg_text_before_share":"","sfsi_plus_gutenberg_show_text_before_share":"","sfsi_plus_gutenberg_icon_type":"","sfsi_plus_gutenberg_icon_alignemt":"","sfsi_plus_gutenburg_max_per_row":"","footnotes":""},"categories":[11],"tags":[],"class_list":["post-75946","post","type-post","status-publish","format-standard","has-post-thumbnail","hentry","category-politica"],"_links":{"self":[{"href":"https:\/\/www.caririemacao.com\/1\/wp-json\/wp\/v2\/posts\/75946","targetHints":{"allow":["GET"]}}],"collection":[{"href":"https:\/\/www.caririemacao.com\/1\/wp-json\/wp\/v2\/posts"}],"about":[{"href":"https:\/\/www.caririemacao.com\/1\/wp-json\/wp\/v2\/types\/post"}],"author":[{"embeddable":true,"href":"https:\/\/www.caririemacao.com\/1\/wp-json\/wp\/v2\/users\/1"}],"replies":[{"embeddable":true,"href":"https:\/\/www.caririemacao.com\/1\/wp-json\/wp\/v2\/comments?post=75946"}],"version-history":[{"count":1,"href":"https:\/\/www.caririemacao.com\/1\/wp-json\/wp\/v2\/posts\/75946\/revisions"}],"predecessor-version":[{"id":75947,"href":"https:\/\/www.caririemacao.com\/1\/wp-json\/wp\/v2\/posts\/75946\/revisions\/75947"}],"wp:featuredmedia":[{"embeddable":true,"href":"https:\/\/www.caririemacao.com\/1\/wp-json\/wp\/v2\/media\/36627"}],"wp:attachment":[{"href":"https:\/\/www.caririemacao.com\/1\/wp-json\/wp\/v2\/media?parent=75946"}],"wp:term":[{"taxonomy":"category","embeddable":true,"href":"https:\/\/www.caririemacao.com\/1\/wp-json\/wp\/v2\/categories?post=75946"},{"taxonomy":"post_tag","embeddable":true,"href":"https:\/\/www.caririemacao.com\/1\/wp-json\/wp\/v2\/tags?post=75946"}],"curies":[{"name":"wp","href":"https:\/\/api.w.org\/{rel}","templated":true}]}}