{"id":75953,"date":"2018-12-09T17:40:27","date_gmt":"2018-12-09T20:40:27","guid":{"rendered":"http:\/\/www.caririemacao.com\/1\/?p=75953"},"modified":"2018-12-09T17:40:27","modified_gmt":"2018-12-09T20:40:27","slug":"agricultor-morre-eletrocutado-ao-manusear-bomba-de-irrigacao-em-monteiro","status":"publish","type":"post","link":"https:\/\/www.caririemacao.com\/1\/2018\/12\/09\/agricultor-morre-eletrocutado-ao-manusear-bomba-de-irrigacao-em-monteiro\/","title":{"rendered":"Agricultor morre eletrocutado ao manusear bomba de irriga\u00e7\u00e3o em Monteiro"},"content":{"rendered":"<p style=\"font-weight: 400;\">O agricultor Inaildon Batista dos Santos de 52 anos, morreu eletrocutado neste domingo (13), no s\u00edtio Santana, zona rural do munic\u00edpio de Monteiro.<\/p>\n<p style=\"font-weight: 400;\">Segundo informa\u00e7\u00f5es, o homem estaria desligando uma bomba de irriga\u00e7\u00e3o dentro de uma cacimba, quando recebeu uma descarga el\u00e9trica e morreu no local.<\/p>\n<p style=\"font-weight: 400;\">COM OPIPOCO<\/p>\n","protected":false},"excerpt":{"rendered":"<p>O agricultor Inaildon Batista dos Santos de 52 anos, morreu eletrocutado neste domingo (13), no s\u00edtio Santana, zona rural do munic\u00edpio de Monteiro. Segundo informa\u00e7\u00f5es,&hellip; <\/p>\n","protected":false},"author":1,"featured_media":53140,"comment_status":"closed","ping_status":"closed","sticky":false,"template":"","format":"standard","meta":{"sfsi_plus_gutenberg_text_before_share":"","sfsi_plus_gutenberg_show_text_before_share":"","sfsi_plus_gutenberg_icon_type":"","sfsi_plus_gutenberg_icon_alignemt":"","sfsi_plus_gutenburg_max_per_row":"","footnotes":""},"categories":[2],"tags":[],"class_list":["post-75953","post","type-post","status-publish","format-standard","has-post-thumbnail","hentry","category-geral"],"_links":{"self":[{"href":"https:\/\/www.caririemacao.com\/1\/wp-json\/wp\/v2\/posts\/75953","targetHints":{"allow":["GET"]}}],"collection":[{"href":"https:\/\/www.caririemacao.com\/1\/wp-json\/wp\/v2\/posts"}],"about":[{"href":"https:\/\/www.caririemacao.com\/1\/wp-json\/wp\/v2\/types\/post"}],"author":[{"embeddable":true,"href":"https:\/\/www.caririemacao.com\/1\/wp-json\/wp\/v2\/users\/1"}],"replies":[{"embeddable":true,"href":"https:\/\/www.caririemacao.com\/1\/wp-json\/wp\/v2\/comments?post=75953"}],"version-history":[{"count":1,"href":"https:\/\/www.caririemacao.com\/1\/wp-json\/wp\/v2\/posts\/75953\/revisions"}],"predecessor-version":[{"id":75954,"href":"https:\/\/www.caririemacao.com\/1\/wp-json\/wp\/v2\/posts\/75953\/revisions\/75954"}],"wp:featuredmedia":[{"embeddable":true,"href":"https:\/\/www.caririemacao.com\/1\/wp-json\/wp\/v2\/media\/53140"}],"wp:attachment":[{"href":"https:\/\/www.caririemacao.com\/1\/wp-json\/wp\/v2\/media?parent=75953"}],"wp:term":[{"taxonomy":"category","embeddable":true,"href":"https:\/\/www.caririemacao.com\/1\/wp-json\/wp\/v2\/categories?post=75953"},{"taxonomy":"post_tag","embeddable":true,"href":"https:\/\/www.caririemacao.com\/1\/wp-json\/wp\/v2\/tags?post=75953"}],"curies":[{"name":"wp","href":"https:\/\/api.w.org\/{rel}","templated":true}]}}