{"id":75956,"date":"2018-12-09T17:59:37","date_gmt":"2018-12-09T20:59:37","guid":{"rendered":"http:\/\/www.caririemacao.com\/1\/?p=75956"},"modified":"2018-12-09T17:59:37","modified_gmt":"2018-12-09T20:59:37","slug":"a-prefeitura-de-monteiro-vem-atraves-desta-nota-sobre-uso-de-veiculo-publico-tive-finalidade-questoes-politicas","status":"publish","type":"post","link":"https:\/\/www.caririemacao.com\/1\/2018\/12\/09\/a-prefeitura-de-monteiro-vem-atraves-desta-nota-sobre-uso-de-veiculo-publico-tive-finalidade-questoes-politicas\/","title":{"rendered":"A Prefeitura de Monteiro, vem atrav\u00e9s desta nota sobre uso de ve\u00edculo p\u00fablico tive finalidade quest\u00f5es pol\u00edticas"},"content":{"rendered":"<p>Na realidade, a Prefeitura de Monteiro atendeu a uma solicita\u00e7\u00e3o de uma entidade religiosa para que alguns de seus integrantes participassem das comemora\u00e7\u00f5es da Festa de Iemanj\u00e1, no tradicional evento que acontece na orla mar\u00edtima da cidade de Jo\u00e3o Pessoa, na noite do s\u00e1bado, dia 8, madrugada e manh\u00e3 deste domingo, 9.<\/p>\n<p>\u00c9 corriqueiro o apoio da Prefeitura de Monteiro a todos os eventos do munic\u00edpio, entre eles a grupos religiosos, independente da religi\u00e3o.<\/p>\n<p>Diante do desvio proposital da informa\u00e7\u00e3o, visando apenas o preju\u00edzo da imagem da gest\u00e3o, o setor jur\u00eddico da Prefeitura de Monteiro estar\u00e1 adotando as medidas judiciais que este e outros casos requerem.<\/p>\n<p>Fred Menezes<\/p>\n<p>Secret\u00e1rio de Comunica\u00e7\u00e3o<\/p>\n","protected":false},"excerpt":{"rendered":"<p>Na realidade, a Prefeitura de Monteiro atendeu a uma solicita\u00e7\u00e3o de uma entidade religiosa para que alguns de seus integrantes participassem das comemora\u00e7\u00f5es da Festa&hellip; <\/p>\n","protected":false},"author":1,"featured_media":69727,"comment_status":"closed","ping_status":"closed","sticky":false,"template":"","format":"standard","meta":{"sfsi_plus_gutenberg_text_before_share":"","sfsi_plus_gutenberg_show_text_before_share":"","sfsi_plus_gutenberg_icon_type":"","sfsi_plus_gutenberg_icon_alignemt":"","sfsi_plus_gutenburg_max_per_row":"","footnotes":""},"categories":[6],"tags":[],"class_list":["post-75956","post","type-post","status-publish","format-standard","has-post-thumbnail","hentry","category-cidades"],"_links":{"self":[{"href":"https:\/\/www.caririemacao.com\/1\/wp-json\/wp\/v2\/posts\/75956","targetHints":{"allow":["GET"]}}],"collection":[{"href":"https:\/\/www.caririemacao.com\/1\/wp-json\/wp\/v2\/posts"}],"about":[{"href":"https:\/\/www.caririemacao.com\/1\/wp-json\/wp\/v2\/types\/post"}],"author":[{"embeddable":true,"href":"https:\/\/www.caririemacao.com\/1\/wp-json\/wp\/v2\/users\/1"}],"replies":[{"embeddable":true,"href":"https:\/\/www.caririemacao.com\/1\/wp-json\/wp\/v2\/comments?post=75956"}],"version-history":[{"count":1,"href":"https:\/\/www.caririemacao.com\/1\/wp-json\/wp\/v2\/posts\/75956\/revisions"}],"predecessor-version":[{"id":75957,"href":"https:\/\/www.caririemacao.com\/1\/wp-json\/wp\/v2\/posts\/75956\/revisions\/75957"}],"wp:featuredmedia":[{"embeddable":true,"href":"https:\/\/www.caririemacao.com\/1\/wp-json\/wp\/v2\/media\/69727"}],"wp:attachment":[{"href":"https:\/\/www.caririemacao.com\/1\/wp-json\/wp\/v2\/media?parent=75956"}],"wp:term":[{"taxonomy":"category","embeddable":true,"href":"https:\/\/www.caririemacao.com\/1\/wp-json\/wp\/v2\/categories?post=75956"},{"taxonomy":"post_tag","embeddable":true,"href":"https:\/\/www.caririemacao.com\/1\/wp-json\/wp\/v2\/tags?post=75956"}],"curies":[{"name":"wp","href":"https:\/\/api.w.org\/{rel}","templated":true}]}}