{"id":75961,"date":"2018-12-09T21:45:45","date_gmt":"2018-12-10T00:45:45","guid":{"rendered":"http:\/\/www.caririemacao.com\/1\/?p=75961"},"modified":"2018-12-09T21:45:45","modified_gmt":"2018-12-10T00:45:45","slug":"em-carta-chefe-do-pcc-ameaca-matar-promotor-de-justica","status":"publish","type":"post","link":"https:\/\/www.caririemacao.com\/1\/2018\/12\/09\/em-carta-chefe-do-pcc-ameaca-matar-promotor-de-justica\/","title":{"rendered":"Em carta, chefe do PCC amea\u00e7a matar promotor de justi\u00e7a"},"content":{"rendered":"<p>Duas mulheres foram presas na tarde deste s\u00e1bado (8) ap\u00f3s serem flagradas deixando a Penitenci\u00e1ria 2 de Presidente Venceslau, no interior de S\u00e3o Paulo, com cartas nas quais chefes da fac\u00e7\u00e3o criminosa PCC ordenam o assassinato de duas pessoas, entre elas um promotor de Justi\u00e7a.<\/p>\n<p>De acordo com as mensagens, essas mortes devem ocorrer caso a transfer\u00eancia dos chefes da fac\u00e7\u00e3o para pres\u00eddios federais se concretize nos pr\u00f3ximos dias \u2013entre eles o n\u00famero 1 do grupo, Marco Camacho, o Marcola.<\/p>\n<p>O alvo principal do ataque seria o promotor Lincoln Gakiya, respons\u00e1vel pelo pedido de transfer\u00eancia, e que investiga h\u00e1 anos o crime organizado. O outro alvo seria um dos coordenadores da Secretaria da Administra\u00e7\u00e3o Penitenci\u00e1ria na regi\u00e3o de Presidente Venceslau, onde est\u00e3o presos os criminosos.<\/p>\n<p>Uma das mensagens foi apreendida com a mulher do preso que divide cela com Marcola, o que leva as autoridades a acreditarem que partiu do pr\u00f3prio chef\u00e3o do PCC a ordem de ataque.<\/p>\n<p>Segundo informa\u00e7\u00f5es de pessoas ligadas ao promotor, Gakiya recebeu refor\u00e7o de escolta desde a noite de s\u00e1bado. A Folha de S.Paulo apurou que servi\u00e7os de intelig\u00eancia do governo paulista j\u00e1 tinham detectado ordem semelhante em conversas de presos do PCC.<\/p>\n<p>O promotor pediu a transfer\u00eancia dos chefes da fac\u00e7\u00e3o ap\u00f3s um plano de resgate ser detectado pelo setor de intelig\u00eancia da Secretaria da Administra\u00e7\u00e3o Penitenci\u00e1ria.<\/p>\n<p>O pedido seria feito em conjunto com os secret\u00e1rios da Seguran\u00e7a, M\u00e1gino Alves Barbosa Filho, e da Administra\u00e7\u00e3o Penitenci\u00e1ria, Lourival Gomes. Com o recuo da gest\u00e3o M\u00e1rcio Fran\u00e7a (PSB) nesse acordo, Lincoln fez a solicita\u00e7\u00e3o sozinho e aguarda decis\u00e3o da Justi\u00e7a.<\/p>\n<p>Se for concedida, a ordem judicial ser\u00e1 encaminhada ao governo federal para que providencie vagas em uma das cinco penitenci\u00e1rias federais (Porto Velho\/RO, Mossor\u00f3\/RN, Campo Grande\/MS, Catanduvas\/PR e Bras\u00edlia).<\/p>\n<p>A reportagem apurou que membros do governo Michel Temer (MDB) j\u00e1 ofereceram apoio ao governo paulista para a remo\u00e7\u00e3o, com aeronaves e esquema especial de seguran\u00e7a.<\/p>\n<p>As transfer\u00eancias ao sistema federal s\u00e3o aceitas em situa\u00e7\u00f5es espec\u00edficas, como quando h\u00e1 risco de resgate dos presos nas unidades estaduais.<\/p>\n<p>Pelo plano descoberto, a ideia dos criminosos era usar um ex\u00e9rcito de mercen\u00e1rios para retirar presos da unidade, incluindo Marcola. Para evitar isso, a Pol\u00edcia Militar enviou para Venceslau um grande aparato policial.<\/p>\n<p>Os detalhes do poss\u00edvel resgate tornaram-se p\u00fablicos pelo deputado federal e senador eleito Major Ol\u00edmpio (PSL), que desde a semana passada passou a andar sob escolta armada por risco de ataque.<\/p>\n<p>&nbsp;<\/p>\n<p>FolhaPress<\/p>\n","protected":false},"excerpt":{"rendered":"<p>Duas mulheres foram presas na tarde deste s\u00e1bado (8) ap\u00f3s serem flagradas deixando a Penitenci\u00e1ria 2 de Presidente Venceslau, no interior de S\u00e3o Paulo, com&hellip; <\/p>\n","protected":false},"author":1,"featured_media":75962,"comment_status":"closed","ping_status":"closed","sticky":false,"template":"","format":"standard","meta":{"sfsi_plus_gutenberg_text_before_share":"","sfsi_plus_gutenberg_show_text_before_share":"","sfsi_plus_gutenberg_icon_type":"","sfsi_plus_gutenberg_icon_alignemt":"","sfsi_plus_gutenburg_max_per_row":"","footnotes":""},"categories":[12],"tags":[],"class_list":["post-75961","post","type-post","status-publish","format-standard","has-post-thumbnail","hentry","category-policia"],"_links":{"self":[{"href":"https:\/\/www.caririemacao.com\/1\/wp-json\/wp\/v2\/posts\/75961","targetHints":{"allow":["GET"]}}],"collection":[{"href":"https:\/\/www.caririemacao.com\/1\/wp-json\/wp\/v2\/posts"}],"about":[{"href":"https:\/\/www.caririemacao.com\/1\/wp-json\/wp\/v2\/types\/post"}],"author":[{"embeddable":true,"href":"https:\/\/www.caririemacao.com\/1\/wp-json\/wp\/v2\/users\/1"}],"replies":[{"embeddable":true,"href":"https:\/\/www.caririemacao.com\/1\/wp-json\/wp\/v2\/comments?post=75961"}],"version-history":[{"count":1,"href":"https:\/\/www.caririemacao.com\/1\/wp-json\/wp\/v2\/posts\/75961\/revisions"}],"predecessor-version":[{"id":75963,"href":"https:\/\/www.caririemacao.com\/1\/wp-json\/wp\/v2\/posts\/75961\/revisions\/75963"}],"wp:featuredmedia":[{"embeddable":true,"href":"https:\/\/www.caririemacao.com\/1\/wp-json\/wp\/v2\/media\/75962"}],"wp:attachment":[{"href":"https:\/\/www.caririemacao.com\/1\/wp-json\/wp\/v2\/media?parent=75961"}],"wp:term":[{"taxonomy":"category","embeddable":true,"href":"https:\/\/www.caririemacao.com\/1\/wp-json\/wp\/v2\/categories?post=75961"},{"taxonomy":"post_tag","embeddable":true,"href":"https:\/\/www.caririemacao.com\/1\/wp-json\/wp\/v2\/tags?post=75961"}],"curies":[{"name":"wp","href":"https:\/\/api.w.org\/{rel}","templated":true}]}}