{"id":75964,"date":"2018-12-09T21:47:57","date_gmt":"2018-12-10T00:47:57","guid":{"rendered":"http:\/\/www.caririemacao.com\/1\/?p=75964"},"modified":"2018-12-09T21:47:57","modified_gmt":"2018-12-10T00:47:57","slug":"alexandre-nero-quebra-protocolo-e-cita-lula-ao-falar-sobre-cabaceiras-no-melhores-do-ano-na-globo","status":"publish","type":"post","link":"https:\/\/www.caririemacao.com\/1\/2018\/12\/09\/alexandre-nero-quebra-protocolo-e-cita-lula-ao-falar-sobre-cabaceiras-no-melhores-do-ano-na-globo\/","title":{"rendered":"Alexandre Nero quebra protocolo e cita Lula ao falar sobre Cabaceiras, no Melhores do Ano, na Globo"},"content":{"rendered":"<p>O ator Alexandre Nero foi o vencedor na categoria Melhor Ator de S\u00e9rie, no trof\u00e9u Melhores do Ano, no Doming\u00e3o do Faust\u00e3o, na Globo. Na noite deste domingo (9), ele lembrou de quando esteve nas grava\u00e7\u00f5es da s\u00e9rie Onde Nascem os Fortes, em Cabaceiras, e viu as car\u00eancias do interior da Para\u00edba e quebrou o protocolo mencionando a figura do ex-presidente Lula, em solo global.<\/p>\n<p>Nero competiu com Rodrigo Lombardi, protagonista da s\u00e9rie Carcereiros, e com L\u00e1zaro Ramos da s\u00e9rie Mister Brau. Ele citou Lula ao dizer que Cabaceiras tem muita gente necessitada de v\u00e1rias coisas, mas que vive muito melhor do que 15 anos atr\u00e1s. O ator mencionou que muitas pessoas da regi\u00e3o s\u00e3o gratas a Lula pelas a\u00e7\u00f5es do governo do ex-presidente.<\/p>\n<p>Faust\u00e3o tratou de lan\u00e7ar uma nova pergunta para seguir o programa em frente sem men\u00e7\u00f5es ao ex-gestor.<\/p>\n","protected":false},"excerpt":{"rendered":"<p>O ator Alexandre Nero foi o vencedor na categoria Melhor Ator de S\u00e9rie, no trof\u00e9u Melhores do Ano, no Doming\u00e3o do Faust\u00e3o, na Globo. Na&hellip; <\/p>\n","protected":false},"author":1,"featured_media":75965,"comment_status":"closed","ping_status":"closed","sticky":false,"template":"","format":"standard","meta":{"sfsi_plus_gutenberg_text_before_share":"","sfsi_plus_gutenberg_show_text_before_share":"","sfsi_plus_gutenberg_icon_type":"","sfsi_plus_gutenberg_icon_alignemt":"","sfsi_plus_gutenburg_max_per_row":"","footnotes":""},"categories":[11],"tags":[],"class_list":["post-75964","post","type-post","status-publish","format-standard","has-post-thumbnail","hentry","category-politica"],"_links":{"self":[{"href":"https:\/\/www.caririemacao.com\/1\/wp-json\/wp\/v2\/posts\/75964","targetHints":{"allow":["GET"]}}],"collection":[{"href":"https:\/\/www.caririemacao.com\/1\/wp-json\/wp\/v2\/posts"}],"about":[{"href":"https:\/\/www.caririemacao.com\/1\/wp-json\/wp\/v2\/types\/post"}],"author":[{"embeddable":true,"href":"https:\/\/www.caririemacao.com\/1\/wp-json\/wp\/v2\/users\/1"}],"replies":[{"embeddable":true,"href":"https:\/\/www.caririemacao.com\/1\/wp-json\/wp\/v2\/comments?post=75964"}],"version-history":[{"count":1,"href":"https:\/\/www.caririemacao.com\/1\/wp-json\/wp\/v2\/posts\/75964\/revisions"}],"predecessor-version":[{"id":75966,"href":"https:\/\/www.caririemacao.com\/1\/wp-json\/wp\/v2\/posts\/75964\/revisions\/75966"}],"wp:featuredmedia":[{"embeddable":true,"href":"https:\/\/www.caririemacao.com\/1\/wp-json\/wp\/v2\/media\/75965"}],"wp:attachment":[{"href":"https:\/\/www.caririemacao.com\/1\/wp-json\/wp\/v2\/media?parent=75964"}],"wp:term":[{"taxonomy":"category","embeddable":true,"href":"https:\/\/www.caririemacao.com\/1\/wp-json\/wp\/v2\/categories?post=75964"},{"taxonomy":"post_tag","embeddable":true,"href":"https:\/\/www.caririemacao.com\/1\/wp-json\/wp\/v2\/tags?post=75964"}],"curies":[{"name":"wp","href":"https:\/\/api.w.org\/{rel}","templated":true}]}}