{"id":75971,"date":"2018-12-09T23:28:35","date_gmt":"2018-12-10T02:28:35","guid":{"rendered":"http:\/\/www.caririemacao.com\/1\/?p=75971"},"modified":"2018-12-10T01:02:19","modified_gmt":"2018-12-10T04:02:19","slug":"serra-branca-encerra-festa-de-nossa-senhora-da-conceicao","status":"publish","type":"post","link":"https:\/\/www.caririemacao.com\/1\/2018\/12\/09\/serra-branca-encerra-festa-de-nossa-senhora-da-conceicao\/","title":{"rendered":"Serra Branca encerra Festa de Nossa Senhora da Concei\u00e7\u00e3o"},"content":{"rendered":"<p>A Par\u00f3quia de Nossa Senhora da Concei\u00e7\u00e3o de Serra Branca encerrou nesse domingo (09) a programa\u00e7\u00e3o da Festa da padroeira da cidade. A programa\u00e7\u00e3o teve in\u00edcio por volta das 6hs da manh\u00e3 e se estendeu durante todo o dia.<\/p>\n<p><img fetchpriority=\"high\" decoding=\"async\" class=\"alignnone wp-image-75976 size-full\" src=\"http:\/\/www.caririemacao.com\/1\/wp-content\/uploads\/2018\/12\/DSC_0440-20181209.jpg\" alt=\"\" width=\"1600\" height=\"1067\" srcset=\"https:\/\/www.caririemacao.com\/1\/wp-content\/uploads\/2018\/12\/DSC_0440-20181209.jpg 1600w, https:\/\/www.caririemacao.com\/1\/wp-content\/uploads\/2018\/12\/DSC_0440-20181209-300x200.jpg 300w, https:\/\/www.caririemacao.com\/1\/wp-content\/uploads\/2018\/12\/DSC_0440-20181209-768x512.jpg 768w, https:\/\/www.caririemacao.com\/1\/wp-content\/uploads\/2018\/12\/DSC_0440-20181209-1024x683.jpg 1024w\" sizes=\"(max-width: 1600px) 100vw, 1600px\" \/><\/p>\n<p>O per\u00edodo da manh\u00e3 foi marcado pela presen\u00e7a do bispo diocesano Dulc\u00eanio Fontes de Matos que pela primeira vez celebrou na par\u00f3quia. O bispo veio celebrar junto com os padres da Forania Cariri.<\/p>\n<p><img decoding=\"async\" class=\"alignnone wp-image-75977 size-full lazyload\" data-src=\"http:\/\/www.caririemacao.com\/1\/wp-content\/uploads\/2018\/12\/DSC_0498-20181209.jpg\" alt=\"\" width=\"1600\" height=\"1067\" data-srcset=\"https:\/\/www.caririemacao.com\/1\/wp-content\/uploads\/2018\/12\/DSC_0498-20181209.jpg 1600w, https:\/\/www.caririemacao.com\/1\/wp-content\/uploads\/2018\/12\/DSC_0498-20181209-300x200.jpg 300w, https:\/\/www.caririemacao.com\/1\/wp-content\/uploads\/2018\/12\/DSC_0498-20181209-768x512.jpg 768w, https:\/\/www.caririemacao.com\/1\/wp-content\/uploads\/2018\/12\/DSC_0498-20181209-1024x683.jpg 1024w\" data-sizes=\"(max-width: 1600px) 100vw, 1600px\" src=\"data:image\/svg+xml;base64,PHN2ZyB3aWR0aD0iMSIgaGVpZ2h0PSIxIiB4bWxucz0iaHR0cDovL3d3dy53My5vcmcvMjAwMC9zdmciPjwvc3ZnPg==\" style=\"--smush-placeholder-width: 1600px; --smush-placeholder-aspect-ratio: 1600\/1067;\" \/><\/p>\n<p>A Missa solene da Imaculada Concei\u00e7\u00e3o ocorreu \u00e0s 10hs da manh\u00e3 e foi concelebrada pelas paredes Gustavo Ferreira (Cara\u00fabas), Francisco Evaristo (Serra Branca), Cristino Silva (Santo Andr\u00e9 e Gurj\u00e3o) e Joselito Ferreira (Parari e S\u00e3o Jos\u00e9 dos Cordeiros) e o padre Jos\u00e9 Gomes da Par\u00f3quia de Pesqueira.<\/p>\n<h2><a href=\"https:\/\/www.facebook.com\/pg\/CaririEmAcao\/photos\/?tab=album&amp;album_id=1425983100871042\">Veja Foto da\u00a0Missa solene da Imaculada Concei\u00e7\u00e3o<\/a><\/h2>\n<p><img decoding=\"async\" class=\"alignnone wp-image-75978 size-large alignleft lazyload\" data-src=\"http:\/\/www.caririemacao.com\/1\/wp-content\/uploads\/2018\/12\/DSC_0532-20181209-1024x683.jpg\" alt=\"\" width=\"800\" height=\"534\" data-srcset=\"https:\/\/www.caririemacao.com\/1\/wp-content\/uploads\/2018\/12\/DSC_0532-20181209-1024x683.jpg 1024w, https:\/\/www.caririemacao.com\/1\/wp-content\/uploads\/2018\/12\/DSC_0532-20181209-300x200.jpg 300w, https:\/\/www.caririemacao.com\/1\/wp-content\/uploads\/2018\/12\/DSC_0532-20181209-768x512.jpg 768w, https:\/\/www.caririemacao.com\/1\/wp-content\/uploads\/2018\/12\/DSC_0532-20181209.jpg 1600w\" data-sizes=\"(max-width: 800px) 100vw, 800px\" src=\"data:image\/svg+xml;base64,PHN2ZyB3aWR0aD0iMSIgaGVpZ2h0PSIxIiB4bWxucz0iaHR0cDovL3d3dy53My5vcmcvMjAwMC9zdmciPjwvc3ZnPg==\" style=\"--smush-placeholder-width: 800px; --smush-placeholder-aspect-ratio: 800\/534;\" \/><\/p>\n<p>&nbsp;<\/p>\n<p>&nbsp;<\/p>\n<p>&nbsp;<\/p>\n<p>&nbsp;<\/p>\n<p>&nbsp;<\/p>\n<p>&nbsp;<\/p>\n<p>&nbsp;<\/p>\n<p>&nbsp;<\/p>\n<p>&nbsp;<\/p>\n<p>&nbsp;<\/p>\n<p>&nbsp;<\/p>\n<p>J\u00e1 a tarde, a programa\u00e7\u00e3o foi iniciada por volta das 16h com a missa de enceramento celebrada pelo p\u00e1roco local, Pe. Francisco Evaristo. Ao final da Santa Missa, teve inicio a tradicional prociss\u00e3o que percorreu as principais ruas da cidade, reunindo uma multid\u00e3o de devotos \u00e0 Imaculada Concei\u00e7\u00e3o, demostrando amor a M\u00e3o de Deus.<\/p>\n<p><img decoding=\"async\" class=\"aligncenter wp-image-75990 size-large lazyload\" data-src=\"http:\/\/www.caririemacao.com\/1\/wp-content\/uploads\/2018\/12\/47792611_1425998570869495_5008297544946548736_o-1024x683.jpg\" alt=\"\" width=\"800\" height=\"534\" data-srcset=\"https:\/\/www.caririemacao.com\/1\/wp-content\/uploads\/2018\/12\/47792611_1425998570869495_5008297544946548736_o-1024x683.jpg 1024w, https:\/\/www.caririemacao.com\/1\/wp-content\/uploads\/2018\/12\/47792611_1425998570869495_5008297544946548736_o-300x200.jpg 300w, https:\/\/www.caririemacao.com\/1\/wp-content\/uploads\/2018\/12\/47792611_1425998570869495_5008297544946548736_o-768x512.jpg 768w, https:\/\/www.caririemacao.com\/1\/wp-content\/uploads\/2018\/12\/47792611_1425998570869495_5008297544946548736_o.jpg 1600w\" data-sizes=\"(max-width: 800px) 100vw, 800px\" src=\"data:image\/svg+xml;base64,PHN2ZyB3aWR0aD0iMSIgaGVpZ2h0PSIxIiB4bWxucz0iaHR0cDovL3d3dy53My5vcmcvMjAwMC9zdmciPjwvc3ZnPg==\" style=\"--smush-placeholder-width: 800px; --smush-placeholder-aspect-ratio: 800\/534;\" \/><\/p>\n<h3 style=\"text-align: center;\"><a href=\"https:\/\/www.facebook.com\/pg\/CaririEmAcao\/photos\/?tab=album&amp;album_id=1425983497537669\">Veja Fotos da prociss\u00e3o_\u00a0Serra Branca encerra Festa de Nossa Senhora da Concei\u00e7\u00e3o<\/a><\/h3>\n<p><div class=\"ose- ose-uid-3424f360cb4fb4f14bd054f1c46870e8 ose-embedpress-responsive\" style=\"width:600px; height:550px; max-height:550px; max-width:100%; display:inline-block;\" data-embed-type=\"Facebook\"><iframe allowFullScreen=\"true\" class=\"embera-facebook-iframe-305bd lazyload\" data-src=\"https:\/\/www.facebook.com\/plugins\/post.php?href=https%3A%2F%2Fwww.facebook.com%2Fmedia%2Fset%2F%3Fset%3Da.1425983497537669%26%23038%3Btype%3D1%26%23038%3Bl%3D93c4dfbbd4&width=600&height=550&show_text=true\" width=\"600\" height=\"550\" style=\"border:none;overflow:hidden\" scrolling=\"no\" frameborder=\"0\" allowTransparency=\"true\" src=\"data:image\/svg+xml;base64,PHN2ZyB3aWR0aD0iMSIgaGVpZ2h0PSIxIiB4bWxucz0iaHR0cDovL3d3dy53My5vcmcvMjAwMC9zdmciPjwvc3ZnPg==\" data-load-mode=\"1\"><\/iframe><\/div><\/p>\n<p><div class=\"ose- ose-uid-28e4af6a09e3ddc7da5a9564722686b0 ose-embedpress-responsive\" style=\"width:600px; height:550px; max-height:550px; max-width:100%; display:inline-block;\" data-embed-type=\"Facebook\"><iframe allowFullScreen=\"true\" class=\"embera-facebook-iframe-c3d2e lazyload\" data-src=\"https:\/\/www.facebook.com\/plugins\/post.php?href=https%3A%2F%2Fwww.facebook.com%2Fmedia%2Fset%2F%3Fset%3Da.1425983100871042%26%23038%3Btype%3D1%26%23038%3Bl%3Df648d2effe&width=600&height=550&show_text=true\" width=\"600\" height=\"550\" style=\"border:none;overflow:hidden\" scrolling=\"no\" frameborder=\"0\" allowTransparency=\"true\" src=\"data:image\/svg+xml;base64,PHN2ZyB3aWR0aD0iMSIgaGVpZ2h0PSIxIiB4bWxucz0iaHR0cDovL3d3dy53My5vcmcvMjAwMC9zdmciPjwvc3ZnPg==\" data-load-mode=\"1\"><\/iframe><\/div><\/p>\n<p style=\"text-align: right;\"><em><strong>Reda\u00e7\u00e3o Cariri em A\u00e7\u00e3o\u00a0<\/strong><\/em><\/p>\n","protected":false},"excerpt":{"rendered":"<p>A Par\u00f3quia de Nossa Senhora da Concei\u00e7\u00e3o de Serra Branca encerrou nesse domingo (09) a programa\u00e7\u00e3o da Festa da padroeira da cidade. A programa\u00e7\u00e3o teve&hellip; <\/p>\n","protected":false},"author":1,"featured_media":75975,"comment_status":"closed","ping_status":"closed","sticky":false,"template":"","format":"standard","meta":{"sfsi_plus_gutenberg_text_before_share":"","sfsi_plus_gutenberg_show_text_before_share":"","sfsi_plus_gutenberg_icon_type":"","sfsi_plus_gutenberg_icon_alignemt":"","sfsi_plus_gutenburg_max_per_row":"","footnotes":""},"categories":[6,50],"tags":[],"class_list":["post-75971","post","type-post","status-publish","format-standard","has-post-thumbnail","hentry","category-cidades","category-destaque"],"_links":{"self":[{"href":"https:\/\/www.caririemacao.com\/1\/wp-json\/wp\/v2\/posts\/75971","targetHints":{"allow":["GET"]}}],"collection":[{"href":"https:\/\/www.caririemacao.com\/1\/wp-json\/wp\/v2\/posts"}],"about":[{"href":"https:\/\/www.caririemacao.com\/1\/wp-json\/wp\/v2\/types\/post"}],"author":[{"embeddable":true,"href":"https:\/\/www.caririemacao.com\/1\/wp-json\/wp\/v2\/users\/1"}],"replies":[{"embeddable":true,"href":"https:\/\/www.caririemacao.com\/1\/wp-json\/wp\/v2\/comments?post=75971"}],"version-history":[{"count":4,"href":"https:\/\/www.caririemacao.com\/1\/wp-json\/wp\/v2\/posts\/75971\/revisions"}],"predecessor-version":[{"id":75991,"href":"https:\/\/www.caririemacao.com\/1\/wp-json\/wp\/v2\/posts\/75971\/revisions\/75991"}],"wp:featuredmedia":[{"embeddable":true,"href":"https:\/\/www.caririemacao.com\/1\/wp-json\/wp\/v2\/media\/75975"}],"wp:attachment":[{"href":"https:\/\/www.caririemacao.com\/1\/wp-json\/wp\/v2\/media?parent=75971"}],"wp:term":[{"taxonomy":"category","embeddable":true,"href":"https:\/\/www.caririemacao.com\/1\/wp-json\/wp\/v2\/categories?post=75971"},{"taxonomy":"post_tag","embeddable":true,"href":"https:\/\/www.caririemacao.com\/1\/wp-json\/wp\/v2\/tags?post=75971"}],"curies":[{"name":"wp","href":"https:\/\/api.w.org\/{rel}","templated":true}]}}