{"id":75992,"date":"2018-12-10T01:30:19","date_gmt":"2018-12-10T04:30:19","guid":{"rendered":"http:\/\/www.caririemacao.com\/1\/?p=75992"},"modified":"2018-12-10T01:32:57","modified_gmt":"2018-12-10T04:32:57","slug":"organizacao-da-copa-integracao-de-futebol-realiza-premiacao-para-os-melhores-da-copa","status":"publish","type":"post","link":"https:\/\/www.caririemacao.com\/1\/2018\/12\/10\/organizacao-da-copa-integracao-de-futebol-realiza-premiacao-para-os-melhores-da-copa\/","title":{"rendered":"Organiza\u00e7\u00e3o da Copa Integra\u00e7\u00e3o de Futebol realiza premia\u00e7\u00e3o para os \u201cMelhores da Copa\u201d"},"content":{"rendered":"<p>Para fechar o ano com chave de ouro, a organiza\u00e7\u00e3o da Copa Integra\u00e7\u00e3o de Futebol do Cariri promoveu na noite deste s\u00e1bado, dia 08, a festa de premia\u00e7\u00e3o para os melhores da Copa Integra\u00e7\u00e3o 2018.<\/p>\n<p><img fetchpriority=\"high\" decoding=\"async\" class=\"alignnone wp-image-75993 size-large\" src=\"http:\/\/www.caririemacao.com\/1\/wp-content\/uploads\/2018\/12\/48189126_1426033967532622_3914625620994162688_o-1024x683.jpg\" alt=\"\" width=\"800\" height=\"534\" srcset=\"https:\/\/www.caririemacao.com\/1\/wp-content\/uploads\/2018\/12\/48189126_1426033967532622_3914625620994162688_o-1024x683.jpg 1024w, https:\/\/www.caririemacao.com\/1\/wp-content\/uploads\/2018\/12\/48189126_1426033967532622_3914625620994162688_o-300x200.jpg 300w, https:\/\/www.caririemacao.com\/1\/wp-content\/uploads\/2018\/12\/48189126_1426033967532622_3914625620994162688_o-768x512.jpg 768w, https:\/\/www.caririemacao.com\/1\/wp-content\/uploads\/2018\/12\/48189126_1426033967532622_3914625620994162688_o.jpg 1600w\" sizes=\"(max-width: 800px) 100vw, 800px\" \/><\/p>\n<p>O evento foi realizado no gin\u00e1sio municipal de Cabaceiras\/PB e contou com a presen\u00e7a de v\u00e1rias delega\u00e7\u00f5es das cidades participantes do certame em 2018 e do prefeito de Cabaceiras, Thiago Castro. Dentre os homenageados, estavam dirigentes, atletas e colaboradores da copa.<\/p>\n<p><img decoding=\"async\" class=\"alignnone wp-image-75997 size-large lazyload\" data-src=\"http:\/\/www.caririemacao.com\/1\/wp-content\/uploads\/2018\/12\/47680251_1426029637533055_4174730459642593280_o-1024x683.jpg\" alt=\"\" width=\"800\" height=\"534\" data-srcset=\"https:\/\/www.caririemacao.com\/1\/wp-content\/uploads\/2018\/12\/47680251_1426029637533055_4174730459642593280_o-1024x683.jpg 1024w, https:\/\/www.caririemacao.com\/1\/wp-content\/uploads\/2018\/12\/47680251_1426029637533055_4174730459642593280_o-300x200.jpg 300w, https:\/\/www.caririemacao.com\/1\/wp-content\/uploads\/2018\/12\/47680251_1426029637533055_4174730459642593280_o-768x512.jpg 768w, https:\/\/www.caririemacao.com\/1\/wp-content\/uploads\/2018\/12\/47680251_1426029637533055_4174730459642593280_o.jpg 1600w\" data-sizes=\"(max-width: 800px) 100vw, 800px\" src=\"data:image\/svg+xml;base64,PHN2ZyB3aWR0aD0iMSIgaGVpZ2h0PSIxIiB4bWxucz0iaHR0cDovL3d3dy53My5vcmcvMjAwMC9zdmciPjwvc3ZnPg==\" style=\"--smush-placeholder-width: 800px; --smush-placeholder-aspect-ratio: 800\/534;\" \/><\/p>\n<p>Para o coordenador da Copa Integra\u00e7\u00e3o e idealizador da Festa de Premia\u00e7\u00e3o dos Melhores da Copa, Fl\u00e1vio Leonardo, a cerim\u00f4nia de premia\u00e7\u00e3o foi um momento impar no futebol do cariri com a integra\u00e7\u00e3o das cidades, valorizando e fortalecendo os atletas, sendo a copa uma vitrine para o futebol amador do cariri paraibano.<\/p>\n<p><img decoding=\"async\" class=\"alignnone wp-image-76001 size-large lazyload\" data-src=\"http:\/\/www.caririemacao.com\/1\/wp-content\/uploads\/2018\/12\/47680307_1426011370868215_8187056635181531136_o-1024x683.jpg\" alt=\"\" width=\"800\" height=\"534\" data-srcset=\"https:\/\/www.caririemacao.com\/1\/wp-content\/uploads\/2018\/12\/47680307_1426011370868215_8187056635181531136_o-1024x683.jpg 1024w, https:\/\/www.caririemacao.com\/1\/wp-content\/uploads\/2018\/12\/47680307_1426011370868215_8187056635181531136_o-300x200.jpg 300w, https:\/\/www.caririemacao.com\/1\/wp-content\/uploads\/2018\/12\/47680307_1426011370868215_8187056635181531136_o-768x512.jpg 768w, https:\/\/www.caririemacao.com\/1\/wp-content\/uploads\/2018\/12\/47680307_1426011370868215_8187056635181531136_o.jpg 1600w\" data-sizes=\"(max-width: 800px) 100vw, 800px\" src=\"data:image\/svg+xml;base64,PHN2ZyB3aWR0aD0iMSIgaGVpZ2h0PSIxIiB4bWxucz0iaHR0cDovL3d3dy53My5vcmcvMjAwMC9zdmciPjwvc3ZnPg==\" style=\"--smush-placeholder-width: 800px; --smush-placeholder-aspect-ratio: 800\/534;\" \/><\/p>\n<p>Ainda durante o evento, houveram shows de J. Show, e Mano Show e P\u00e2mela Sousa.<\/p>\n<p style=\"text-align: left;\"><a href=\"https:\/\/www.facebook.com\/pg\/CaririEmAcao\/photos\/?tab=album&amp;album_id=1426003584202327\">VEJA FOTOS DA CERIM\u00d4NIA. CLIQUE AQUI.\u00a0<\/a><\/p>\n<p><div class=\"ose- ose-uid-2aeebc489fad85a91dadc10e2f1d32bf ose-embedpress-responsive\" style=\"width:600px; height:550px; max-height:550px; max-width:100%; display:inline-block;\" data-embed-type=\"Facebook\"><iframe allowFullScreen=\"true\" class=\"embera-facebook-iframe-19dbf lazyload\" data-src=\"https:\/\/www.facebook.com\/plugins\/post.php?href=https%3A%2F%2Fwww.facebook.com%2Fmedia%2Fset%2F%3Fset%3Da.1426003584202327%26%23038%3Btype%3D1%26%23038%3Bl%3D78bc49cfb2&width=600&height=550&show_text=true\" width=\"600\" height=\"550\" style=\"border:none;overflow:hidden\" scrolling=\"no\" frameborder=\"0\" allowTransparency=\"true\" src=\"data:image\/svg+xml;base64,PHN2ZyB3aWR0aD0iMSIgaGVpZ2h0PSIxIiB4bWxucz0iaHR0cDovL3d3dy53My5vcmcvMjAwMC9zdmciPjwvc3ZnPg==\" data-load-mode=\"1\"><\/iframe><\/div><\/p>\n","protected":false},"excerpt":{"rendered":"<p>Para fechar o ano com chave de ouro, a organiza\u00e7\u00e3o da Copa Integra\u00e7\u00e3o de Futebol do Cariri promoveu na noite deste s\u00e1bado, dia 08, a&hellip; <\/p>\n","protected":false},"author":2,"featured_media":75996,"comment_status":"closed","ping_status":"closed","sticky":false,"template":"","format":"standard","meta":{"sfsi_plus_gutenberg_text_before_share":"","sfsi_plus_gutenberg_show_text_before_share":"","sfsi_plus_gutenberg_icon_type":"","sfsi_plus_gutenberg_icon_alignemt":"","sfsi_plus_gutenburg_max_per_row":"","footnotes":""},"categories":[2],"tags":[],"class_list":["post-75992","post","type-post","status-publish","format-standard","has-post-thumbnail","hentry","category-geral"],"_links":{"self":[{"href":"https:\/\/www.caririemacao.com\/1\/wp-json\/wp\/v2\/posts\/75992","targetHints":{"allow":["GET"]}}],"collection":[{"href":"https:\/\/www.caririemacao.com\/1\/wp-json\/wp\/v2\/posts"}],"about":[{"href":"https:\/\/www.caririemacao.com\/1\/wp-json\/wp\/v2\/types\/post"}],"author":[{"embeddable":true,"href":"https:\/\/www.caririemacao.com\/1\/wp-json\/wp\/v2\/users\/2"}],"replies":[{"embeddable":true,"href":"https:\/\/www.caririemacao.com\/1\/wp-json\/wp\/v2\/comments?post=75992"}],"version-history":[{"count":3,"href":"https:\/\/www.caririemacao.com\/1\/wp-json\/wp\/v2\/posts\/75992\/revisions"}],"predecessor-version":[{"id":76003,"href":"https:\/\/www.caririemacao.com\/1\/wp-json\/wp\/v2\/posts\/75992\/revisions\/76003"}],"wp:featuredmedia":[{"embeddable":true,"href":"https:\/\/www.caririemacao.com\/1\/wp-json\/wp\/v2\/media\/75996"}],"wp:attachment":[{"href":"https:\/\/www.caririemacao.com\/1\/wp-json\/wp\/v2\/media?parent=75992"}],"wp:term":[{"taxonomy":"category","embeddable":true,"href":"https:\/\/www.caririemacao.com\/1\/wp-json\/wp\/v2\/categories?post=75992"},{"taxonomy":"post_tag","embeddable":true,"href":"https:\/\/www.caririemacao.com\/1\/wp-json\/wp\/v2\/tags?post=75992"}],"curies":[{"name":"wp","href":"https:\/\/api.w.org\/{rel}","templated":true}]}}