{"id":76010,"date":"2018-12-10T07:15:52","date_gmt":"2018-12-10T10:15:52","guid":{"rendered":"http:\/\/www.caririemacao.com\/1\/?p=76010"},"modified":"2018-12-10T07:17:12","modified_gmt":"2018-12-10T10:17:12","slug":"novas-placas-para-veiculos-vao-comecar-a-ser-substituidas-em-janeiro-na-paraiba","status":"publish","type":"post","link":"https:\/\/www.caririemacao.com\/1\/2018\/12\/10\/novas-placas-para-veiculos-vao-comecar-a-ser-substituidas-em-janeiro-na-paraiba\/","title":{"rendered":"Novas placas para ve\u00edculos v\u00e3o come\u00e7ar a ser substitu\u00eddas em janeiro na Para\u00edba"},"content":{"rendered":"<p>As novas placas de ve\u00edculos, seguindo o modelo usado nos pa\u00edses do Mercosul, poder\u00e3o ser trocadas a partir de janeiro de 2019 na Para\u00edba.<\/p>\n<p>As tradicionais ser\u00e3o substitu\u00eddas e a discuss\u00e3o j\u00e1 dura pelo menos tr\u00eas anos.<\/p>\n<p>As novas placas ter\u00e3o 4 letras e 3 n\u00fameros e seis cores diferentes de acordo com o tipo de ve\u00edculo.<\/p>\n<p>De acordo com o Detran n\u00e3o ser\u00e1 preciso que todos os motoristas realizem a substitui\u00e7\u00e3o.<\/p>\n<p>Inicialmente a troca ser\u00e1 feita para placas com dif\u00edcil leitura por eventual dano, primeiro emplacamento e os ve\u00edculos que forem transferidos de propriedade e de estado para o outro.<\/p>\n<p>&nbsp;<\/p>\n<p>TV Cabo Branco<\/p>\n","protected":false},"excerpt":{"rendered":"<p>As novas placas de ve\u00edculos, seguindo o modelo usado nos pa\u00edses do Mercosul, poder\u00e3o ser trocadas a partir de janeiro de 2019 na Para\u00edba. As&hellip; <\/p>\n","protected":false},"author":1,"featured_media":76014,"comment_status":"closed","ping_status":"closed","sticky":false,"template":"","format":"standard","meta":{"sfsi_plus_gutenberg_text_before_share":"","sfsi_plus_gutenberg_show_text_before_share":"","sfsi_plus_gutenberg_icon_type":"","sfsi_plus_gutenberg_icon_alignemt":"","sfsi_plus_gutenburg_max_per_row":"","footnotes":""},"categories":[2],"tags":[],"class_list":["post-76010","post","type-post","status-publish","format-standard","has-post-thumbnail","hentry","category-geral"],"_links":{"self":[{"href":"https:\/\/www.caririemacao.com\/1\/wp-json\/wp\/v2\/posts\/76010","targetHints":{"allow":["GET"]}}],"collection":[{"href":"https:\/\/www.caririemacao.com\/1\/wp-json\/wp\/v2\/posts"}],"about":[{"href":"https:\/\/www.caririemacao.com\/1\/wp-json\/wp\/v2\/types\/post"}],"author":[{"embeddable":true,"href":"https:\/\/www.caririemacao.com\/1\/wp-json\/wp\/v2\/users\/1"}],"replies":[{"embeddable":true,"href":"https:\/\/www.caririemacao.com\/1\/wp-json\/wp\/v2\/comments?post=76010"}],"version-history":[{"count":1,"href":"https:\/\/www.caririemacao.com\/1\/wp-json\/wp\/v2\/posts\/76010\/revisions"}],"predecessor-version":[{"id":76011,"href":"https:\/\/www.caririemacao.com\/1\/wp-json\/wp\/v2\/posts\/76010\/revisions\/76011"}],"wp:featuredmedia":[{"embeddable":true,"href":"https:\/\/www.caririemacao.com\/1\/wp-json\/wp\/v2\/media\/76014"}],"wp:attachment":[{"href":"https:\/\/www.caririemacao.com\/1\/wp-json\/wp\/v2\/media?parent=76010"}],"wp:term":[{"taxonomy":"category","embeddable":true,"href":"https:\/\/www.caririemacao.com\/1\/wp-json\/wp\/v2\/categories?post=76010"},{"taxonomy":"post_tag","embeddable":true,"href":"https:\/\/www.caririemacao.com\/1\/wp-json\/wp\/v2\/tags?post=76010"}],"curies":[{"name":"wp","href":"https:\/\/api.w.org\/{rel}","templated":true}]}}