{"id":76015,"date":"2018-12-10T07:23:37","date_gmt":"2018-12-10T10:23:37","guid":{"rendered":"http:\/\/www.caririemacao.com\/1\/?p=76015"},"modified":"2018-12-10T07:23:37","modified_gmt":"2018-12-10T10:23:37","slug":"em-jantar-reservado-ricardo-coutinho-reune-auxiliares-e-se-despede-do-governo","status":"publish","type":"post","link":"https:\/\/www.caririemacao.com\/1\/2018\/12\/10\/em-jantar-reservado-ricardo-coutinho-reune-auxiliares-e-se-despede-do-governo\/","title":{"rendered":"Em jantar reservado, Ricardo Coutinho re\u00fane auxiliares e se despede do governo"},"content":{"rendered":"<p>O governador Ricardo Coutinho (PSB) reuniu os seus auxiliares, na noite desse domingo (9), para um jantar de despedida. Evento aconteceu no restaurante Sonho Doce, em Jo\u00e3o Pessoa, e contou com a participa\u00e7\u00e3o, al\u00e9m dos secret\u00e1rios de governo, da vice-governadora, que ser\u00e1 reconduzida ao cargo, L\u00edgia Feliciano (PDT), e do governador eleito Jo\u00e3o Azev\u00eado (PSB).<\/p>\n<p>Em discurso emocionado, Ricardo agradeceu a dedica\u00e7\u00e3o da equipe administrativa ao longos dos seus dois governos e cobrou empenho daqueles que ir\u00e3o continuar na gest\u00e3o do Estado, junto a Jo\u00e3o Azev\u00eado, em nome da continuidade do projeto socialista.<\/p>\n<p>Apesar do clima festivo, foi poss\u00edvel notar o clima de apreens\u00e3o entre os secret\u00e1rios que ainda n\u00e3o tiveram a perman\u00eancia confirmada no novo governo.<\/p>\n<p>&nbsp;<\/p>\n<p>Blog do Gordinho<\/p>\n","protected":false},"excerpt":{"rendered":"<p>O governador Ricardo Coutinho (PSB) reuniu os seus auxiliares, na noite desse domingo (9), para um jantar de despedida. Evento aconteceu no restaurante Sonho Doce,&hellip; <\/p>\n","protected":false},"author":1,"featured_media":76016,"comment_status":"closed","ping_status":"closed","sticky":false,"template":"","format":"standard","meta":{"sfsi_plus_gutenberg_text_before_share":"","sfsi_plus_gutenberg_show_text_before_share":"","sfsi_plus_gutenberg_icon_type":"","sfsi_plus_gutenberg_icon_alignemt":"","sfsi_plus_gutenburg_max_per_row":"","footnotes":""},"categories":[11],"tags":[],"class_list":["post-76015","post","type-post","status-publish","format-standard","has-post-thumbnail","hentry","category-politica"],"_links":{"self":[{"href":"https:\/\/www.caririemacao.com\/1\/wp-json\/wp\/v2\/posts\/76015","targetHints":{"allow":["GET"]}}],"collection":[{"href":"https:\/\/www.caririemacao.com\/1\/wp-json\/wp\/v2\/posts"}],"about":[{"href":"https:\/\/www.caririemacao.com\/1\/wp-json\/wp\/v2\/types\/post"}],"author":[{"embeddable":true,"href":"https:\/\/www.caririemacao.com\/1\/wp-json\/wp\/v2\/users\/1"}],"replies":[{"embeddable":true,"href":"https:\/\/www.caririemacao.com\/1\/wp-json\/wp\/v2\/comments?post=76015"}],"version-history":[{"count":1,"href":"https:\/\/www.caririemacao.com\/1\/wp-json\/wp\/v2\/posts\/76015\/revisions"}],"predecessor-version":[{"id":76017,"href":"https:\/\/www.caririemacao.com\/1\/wp-json\/wp\/v2\/posts\/76015\/revisions\/76017"}],"wp:featuredmedia":[{"embeddable":true,"href":"https:\/\/www.caririemacao.com\/1\/wp-json\/wp\/v2\/media\/76016"}],"wp:attachment":[{"href":"https:\/\/www.caririemacao.com\/1\/wp-json\/wp\/v2\/media?parent=76015"}],"wp:term":[{"taxonomy":"category","embeddable":true,"href":"https:\/\/www.caririemacao.com\/1\/wp-json\/wp\/v2\/categories?post=76015"},{"taxonomy":"post_tag","embeddable":true,"href":"https:\/\/www.caririemacao.com\/1\/wp-json\/wp\/v2\/tags?post=76015"}],"curies":[{"name":"wp","href":"https:\/\/api.w.org\/{rel}","templated":true}]}}