{"id":76018,"date":"2018-12-10T07:29:42","date_gmt":"2018-12-10T10:29:42","guid":{"rendered":"http:\/\/www.caririemacao.com\/1\/?p=76018"},"modified":"2018-12-10T07:29:42","modified_gmt":"2018-12-10T10:29:42","slug":"pm-e-ferido-a-pedradas-ao-tentar-evitar-arremesso-de-drogas-para-presidio","status":"publish","type":"post","link":"https:\/\/www.caririemacao.com\/1\/2018\/12\/10\/pm-e-ferido-a-pedradas-ao-tentar-evitar-arremesso-de-drogas-para-presidio\/","title":{"rendered":"PM \u00e9 ferido a pedradas ao tentar evitar arremesso de drogas para pres\u00eddio"},"content":{"rendered":"<div class=\"noticiacorpo\">\n<p>Bandidos tentaram arremessar um pacote com drogas para dentro da Penitenci\u00e1ria Regional do Serrot\u00e3o em Campina Grande, na tarde deste domingo (09) e um policial acabou ferido com uma pedrada.<\/p>\n<p>De acordo com a Pol\u00edcia Militar, o PM que estava de plant\u00e3o em uma das guaritas, percebeu a movimenta\u00e7\u00e3o dos suspeitos tentando jogar o pacote. Para assustar os criminosos, o policial chegou a efetuar disparos, o que acabou n\u00e3o agradando alguns detentos que come\u00e7aram a apedrejar a guarita.<\/p>\n<p>O policial recebeu apoio de outros PMs e dos agentes penitenci\u00e1rios que estavam de plant\u00e3o, mesmo assim, acabou ferido por uma pedrada e teve que ser levado para o Hospital de Trauma de Campina Grande.<\/p>\n<p>De acordo com a unidade hospitalar, o policial j\u00e1 foi atendido e passa bem.<\/p>\n<p>Os criminosos que tentaram arremessar o pacote conseguiram fugiram e a dire\u00e7\u00e3o do pres\u00eddio agora vai trabalhar para tentar identificar os detentos envolvidos no ataque ao policial.<\/p>\n<p>A n\u00e3o interdi\u00e7\u00e3o de ruas no entorno da penit\u00eancia tem prejudicado, e muito, o esquema de seguran\u00e7a da unidade.<\/p>\n<p>A situa\u00e7\u00e3o preocupa as autoridades que j\u00e1 solicitaram a interrup\u00e7\u00e3o total no fluxo de ve\u00edculos nas adjac\u00eancias da penit\u00eancia, no entanto, esse pedido ainda n\u00e3o foi atendido pela STTP que alega ser a \u00fanica rota existente para atendimento da comunidade do bairro Serrot\u00e3o com transporte p\u00fablico de passageiros.<\/p>\n<\/div>\n<p class=\"noticia_fonte\">\n<strong>Blog do M\u00e1rcio Rangel<\/strong><\/p>\n","protected":false},"excerpt":{"rendered":"<p>Bandidos tentaram arremessar um pacote com drogas para dentro da Penitenci\u00e1ria Regional do Serrot\u00e3o em Campina Grande, na tarde deste domingo (09) e um policial&hellip; <\/p>\n","protected":false},"author":1,"featured_media":76019,"comment_status":"closed","ping_status":"closed","sticky":false,"template":"","format":"standard","meta":{"sfsi_plus_gutenberg_text_before_share":"","sfsi_plus_gutenberg_show_text_before_share":"","sfsi_plus_gutenberg_icon_type":"","sfsi_plus_gutenberg_icon_alignemt":"","sfsi_plus_gutenburg_max_per_row":"","footnotes":""},"categories":[12],"tags":[],"class_list":["post-76018","post","type-post","status-publish","format-standard","has-post-thumbnail","hentry","category-policia"],"_links":{"self":[{"href":"https:\/\/www.caririemacao.com\/1\/wp-json\/wp\/v2\/posts\/76018","targetHints":{"allow":["GET"]}}],"collection":[{"href":"https:\/\/www.caririemacao.com\/1\/wp-json\/wp\/v2\/posts"}],"about":[{"href":"https:\/\/www.caririemacao.com\/1\/wp-json\/wp\/v2\/types\/post"}],"author":[{"embeddable":true,"href":"https:\/\/www.caririemacao.com\/1\/wp-json\/wp\/v2\/users\/1"}],"replies":[{"embeddable":true,"href":"https:\/\/www.caririemacao.com\/1\/wp-json\/wp\/v2\/comments?post=76018"}],"version-history":[{"count":1,"href":"https:\/\/www.caririemacao.com\/1\/wp-json\/wp\/v2\/posts\/76018\/revisions"}],"predecessor-version":[{"id":76020,"href":"https:\/\/www.caririemacao.com\/1\/wp-json\/wp\/v2\/posts\/76018\/revisions\/76020"}],"wp:featuredmedia":[{"embeddable":true,"href":"https:\/\/www.caririemacao.com\/1\/wp-json\/wp\/v2\/media\/76019"}],"wp:attachment":[{"href":"https:\/\/www.caririemacao.com\/1\/wp-json\/wp\/v2\/media?parent=76018"}],"wp:term":[{"taxonomy":"category","embeddable":true,"href":"https:\/\/www.caririemacao.com\/1\/wp-json\/wp\/v2\/categories?post=76018"},{"taxonomy":"post_tag","embeddable":true,"href":"https:\/\/www.caririemacao.com\/1\/wp-json\/wp\/v2\/tags?post=76018"}],"curies":[{"name":"wp","href":"https:\/\/api.w.org\/{rel}","templated":true}]}}