{"id":76028,"date":"2018-12-10T07:55:31","date_gmt":"2018-12-10T10:55:31","guid":{"rendered":"http:\/\/www.caririemacao.com\/1\/?p=76028"},"modified":"2018-12-10T07:55:31","modified_gmt":"2018-12-10T10:55:31","slug":"bolsonaro-e-mourao-serao-diplomados-hoje-pelo-tse","status":"publish","type":"post","link":"https:\/\/www.caririemacao.com\/1\/2018\/12\/10\/bolsonaro-e-mourao-serao-diplomados-hoje-pelo-tse\/","title":{"rendered":"Bolsonaro e Mour\u00e3o ser\u00e3o diplomados hoje pelo TSE"},"content":{"rendered":"<p>O presidente eleito Jair Bolsonaro chega a Bras\u00edlia\u00a0<span id=\"OBJ_PREFIX_DWT206_com_zimbra_date\" role=\"link\">hoje<\/span>\u00a0(10) para a cerim\u00f4nia de\u00a0diploma\u00e7\u00e3o\u00a0com seu vice Hamilton Mour\u00e3o, \u00e0s 16h, no Tribunal Superior Eleitoral (TSE).<\/p>\n<p>Para a solenidade, foram distribu\u00eddos 700 convites. Os diplomas s\u00e3o assinados pela presidente do TSE, ministra Rosa Weber, que abre a sess\u00e3o solene e indica dois ministros para conduzirem os eleitos ao plen\u00e1rio.<\/p>\n<div id=\"attachment_536165\" class=\"wp-caption aligncenter\"><img decoding=\"async\" class=\"wp-image-536165 size-full lazyload\" data-src=\"https:\/\/paraibaonline.com.br\/wp-content\/uploads\/2018\/12\/bolsonaro1012.jpg\" data-srcset=\"https:\/\/paraibaonline.com.br\/wp-content\/uploads\/2018\/12\/bolsonaro1012.jpg 1024w, https:\/\/paraibaonline.com.br\/wp-content\/uploads\/2018\/12\/bolsonaro1012-567x378.jpg 567w, https:\/\/paraibaonline.com.br\/wp-content\/uploads\/2018\/12\/bolsonaro1012-900x600.jpg 900w\" alt=\"Jos\u00e9 Cruz\/Ag\u00eancia Brasil\" src=\"data:image\/svg+xml;base64,PHN2ZyB3aWR0aD0iMSIgaGVpZ2h0PSIxIiB4bWxucz0iaHR0cDovL3d3dy53My5vcmcvMjAwMC9zdmciPjwvc3ZnPg==\" \/><\/p>\n<p class=\"wp-caption-text\">Foto: Jos\u00e9 Cruz\/Ag\u00eancia Brasil<\/p>\n<\/div>\n<p>A agenda do presidente eleito para esta semana \u00e9 intensa e inclui reuni\u00f5es com as bancadas do PSD, DEM, PSL, PP e PSB. Tamb\u00e9m h\u00e1 conversas com os governadores eleitos de Santa Catarina, Carlos Mois\u00e9s da Silva (PSL), e do Rio Grande do Sul, Eduardo Leite (PSDB).<\/p>\n<p>As reuni\u00f5es ocorrem no momento em que Bolsonaro j\u00e1 definiu toda a sua equipe ministerial. Os 22 ministros foram escolhidos. O \u00faltimo nome foi anunciado\u00a0<span id=\"OBJ_PREFIX_DWT208_com_zimbra_date\" role=\"link\">ontem<\/span>\u00a0(9), nas redes sociais, pelo pr\u00f3prio presidente eleito, o advogado e administrador Ricardo de Aquino Salles para o\u00a0Minist\u00e9rio do Meio Ambiente.<\/p>\n<p>Em busca de consenso para alinhar a base aliada no Congresso, o presidente eleito se re\u00fane amanh\u00e3 (11) com a bancada do PSD. No dia seguinte (12), ser\u00e1 a vez de conversar com o PSL, PP e PSB.<\/p>\n<p>Na reuni\u00e3o com o\u00a0PSL, que \u00e9 o seu partido, Bolsonaro tentar\u00e1 dirimir as diverg\u00eancias internas que geraram troca de acusa\u00e7\u00f5es. A sigla foi a que mais cresceu nas elei\u00e7\u00f5es deste ano, ganhando 42 novos deputados e se tornando a\u00a0<span id=\"OBJ_PREFIX_DWT210_com_zimbra_date\" role=\"link\">segunda<\/span>\u00a0maior bancada da C\u00e2mara, atr\u00e1s apenas do PT, que tem 56.<\/p>\n<p>Na semana passada, o presidente eleito conversou com integrantes do MDB, PRB, PR e PSDB.<\/p>\n<p>Ainda em Bras\u00edlia, Bolsonaro vai se reunir amanh\u00e3 (11) com representantes do Corpo de Bombeiros e da Pol\u00edcia Militar. Na\u00a0<span id=\"OBJ_PREFIX_DWT212_com_zimbra_date\" role=\"link\">quarta<\/span>-feira (12), ele almo\u00e7a com a sua turma de formandos da Academia Militar das Agulhas Negras (Aman), no Clube do Ex\u00e9rcito.<\/p>\n<p>&nbsp;<\/p>\n<p>Ag\u00eancia Brasil<\/p>\n","protected":false},"excerpt":{"rendered":"<p>O presidente eleito Jair Bolsonaro chega a Bras\u00edlia\u00a0hoje\u00a0(10) para a cerim\u00f4nia de\u00a0diploma\u00e7\u00e3o\u00a0com seu vice Hamilton Mour\u00e3o, \u00e0s 16h, no Tribunal Superior Eleitoral (TSE). Para a&hellip; <\/p>\n","protected":false},"author":1,"featured_media":76029,"comment_status":"closed","ping_status":"closed","sticky":false,"template":"","format":"standard","meta":{"sfsi_plus_gutenberg_text_before_share":"","sfsi_plus_gutenberg_show_text_before_share":"","sfsi_plus_gutenberg_icon_type":"","sfsi_plus_gutenberg_icon_alignemt":"","sfsi_plus_gutenburg_max_per_row":"","footnotes":""},"categories":[50,11],"tags":[],"class_list":["post-76028","post","type-post","status-publish","format-standard","has-post-thumbnail","hentry","category-destaque","category-politica"],"_links":{"self":[{"href":"https:\/\/www.caririemacao.com\/1\/wp-json\/wp\/v2\/posts\/76028","targetHints":{"allow":["GET"]}}],"collection":[{"href":"https:\/\/www.caririemacao.com\/1\/wp-json\/wp\/v2\/posts"}],"about":[{"href":"https:\/\/www.caririemacao.com\/1\/wp-json\/wp\/v2\/types\/post"}],"author":[{"embeddable":true,"href":"https:\/\/www.caririemacao.com\/1\/wp-json\/wp\/v2\/users\/1"}],"replies":[{"embeddable":true,"href":"https:\/\/www.caririemacao.com\/1\/wp-json\/wp\/v2\/comments?post=76028"}],"version-history":[{"count":1,"href":"https:\/\/www.caririemacao.com\/1\/wp-json\/wp\/v2\/posts\/76028\/revisions"}],"predecessor-version":[{"id":76030,"href":"https:\/\/www.caririemacao.com\/1\/wp-json\/wp\/v2\/posts\/76028\/revisions\/76030"}],"wp:featuredmedia":[{"embeddable":true,"href":"https:\/\/www.caririemacao.com\/1\/wp-json\/wp\/v2\/media\/76029"}],"wp:attachment":[{"href":"https:\/\/www.caririemacao.com\/1\/wp-json\/wp\/v2\/media?parent=76028"}],"wp:term":[{"taxonomy":"category","embeddable":true,"href":"https:\/\/www.caririemacao.com\/1\/wp-json\/wp\/v2\/categories?post=76028"},{"taxonomy":"post_tag","embeddable":true,"href":"https:\/\/www.caririemacao.com\/1\/wp-json\/wp\/v2\/tags?post=76028"}],"curies":[{"name":"wp","href":"https:\/\/api.w.org\/{rel}","templated":true}]}}