{"id":76037,"date":"2018-12-10T10:01:09","date_gmt":"2018-12-10T13:01:09","guid":{"rendered":"http:\/\/www.caririemacao.com\/1\/?p=76037"},"modified":"2018-12-10T10:01:09","modified_gmt":"2018-12-10T13:01:09","slug":"ex-prefeita-edna-henrique-pode-ter-contas-reprovadas-esta-semana","status":"publish","type":"post","link":"https:\/\/www.caririemacao.com\/1\/2018\/12\/10\/ex-prefeita-edna-henrique-pode-ter-contas-reprovadas-esta-semana\/","title":{"rendered":"Ex-Prefeita Edna Henrique pode ter contas reprovadas esta semana"},"content":{"rendered":"<p style=\"font-weight: 400;\">A c\u00e2mara de Monteiro julga na pr\u00f3xima quinta feira, as contas da ex prefeita Ednac\u00e9 Henrique relativas ao exerc\u00edcio de 2014, cujo parecer foi encaminhado pelo Tribunal de Contas do estado.<\/p>\n<p style=\"font-weight: 400;\">As contas estavam na pauta da \u00faltima quinta feira, mas a pedido da presid\u00eancia da casa, o parecer do TCE foi encaminhado para aprecia\u00e7\u00e3o, e a vota\u00e7\u00e3o do parecer deve acontecer nesta quinta feira (13).<\/p>\n<p style=\"font-weight: 400;\">H\u00e1 cerca de 15 dias, os vereadores aprovaram o parecer das contas da ex prefeita relativo ao exerc\u00edcio de 2016, mesmo com o relat\u00f3rio final apontando uma s\u00e9rie de irregularidades cometidas pela ex gestora.<\/p>\n<p style=\"font-weight: 400;\">Na ocasi\u00e3o, as contas foram aprovadas por 9 votos a 3.<\/p>\n<p style=\"font-weight: 400;\">O presidente da C\u00e2mara Bero de Bertino n\u00e3o deu detalhes sobre o parecer das contas que ser\u00e3o julgadas quinta feira, se h\u00e1 ou n\u00e3o apontamento de mais irregularidades, mas fontes ligadas ao BLOG DO F\u00c1BIO BRITO d\u00e3o conta de que mais uma vez o relat\u00f3rio aponta uma s\u00e9rie de irregularidades.<\/p>\n<p style=\"font-weight: 400;\">Fontes do nosso portal tamb\u00e9m afirmam que o posicionamento de alguns vereadores pode ser diferente nesta vota\u00e7\u00e3o, tendo em vista que seria a 2\u00aa vez, que seriam constatadas irregularidades cometidas nas gest\u00f5es da ex prefeita e existe um clamor enorme da sociedade atualmente em rela\u00e7\u00e3o ao combate \u00e0 corrup\u00e7\u00e3o e desmandos.<\/p>\n<p style=\"font-weight: 400;\">A vota\u00e7\u00e3o acontece na pr\u00f3xima quinta feira, na sess\u00e3o ordin\u00e1ria \u00e0s 20 horas na Casa Jos\u00e9 Ferreira Tom\u00e9.<\/p>\n<p style=\"font-weight: 400;\"><strong>F\u00c1BIO BRITO<\/strong><\/p>\n","protected":false},"excerpt":{"rendered":"<p>A c\u00e2mara de Monteiro julga na pr\u00f3xima quinta feira, as contas da ex prefeita Ednac\u00e9 Henrique relativas ao exerc\u00edcio de 2014, cujo parecer foi encaminhado&hellip; <\/p>\n","protected":false},"author":1,"featured_media":433,"comment_status":"closed","ping_status":"closed","sticky":false,"template":"","format":"standard","meta":{"sfsi_plus_gutenberg_text_before_share":"","sfsi_plus_gutenberg_show_text_before_share":"","sfsi_plus_gutenberg_icon_type":"","sfsi_plus_gutenberg_icon_alignemt":"","sfsi_plus_gutenburg_max_per_row":"","footnotes":""},"categories":[50,2],"tags":[],"class_list":["post-76037","post","type-post","status-publish","format-standard","has-post-thumbnail","hentry","category-destaque","category-geral"],"_links":{"self":[{"href":"https:\/\/www.caririemacao.com\/1\/wp-json\/wp\/v2\/posts\/76037","targetHints":{"allow":["GET"]}}],"collection":[{"href":"https:\/\/www.caririemacao.com\/1\/wp-json\/wp\/v2\/posts"}],"about":[{"href":"https:\/\/www.caririemacao.com\/1\/wp-json\/wp\/v2\/types\/post"}],"author":[{"embeddable":true,"href":"https:\/\/www.caririemacao.com\/1\/wp-json\/wp\/v2\/users\/1"}],"replies":[{"embeddable":true,"href":"https:\/\/www.caririemacao.com\/1\/wp-json\/wp\/v2\/comments?post=76037"}],"version-history":[{"count":1,"href":"https:\/\/www.caririemacao.com\/1\/wp-json\/wp\/v2\/posts\/76037\/revisions"}],"predecessor-version":[{"id":76038,"href":"https:\/\/www.caririemacao.com\/1\/wp-json\/wp\/v2\/posts\/76037\/revisions\/76038"}],"wp:featuredmedia":[{"embeddable":true,"href":"https:\/\/www.caririemacao.com\/1\/wp-json\/wp\/v2\/media\/433"}],"wp:attachment":[{"href":"https:\/\/www.caririemacao.com\/1\/wp-json\/wp\/v2\/media?parent=76037"}],"wp:term":[{"taxonomy":"category","embeddable":true,"href":"https:\/\/www.caririemacao.com\/1\/wp-json\/wp\/v2\/categories?post=76037"},{"taxonomy":"post_tag","embeddable":true,"href":"https:\/\/www.caririemacao.com\/1\/wp-json\/wp\/v2\/tags?post=76037"}],"curies":[{"name":"wp","href":"https:\/\/api.w.org\/{rel}","templated":true}]}}