{"id":76039,"date":"2018-12-10T10:05:33","date_gmt":"2018-12-10T13:05:33","guid":{"rendered":"http:\/\/www.caririemacao.com\/1\/?p=76039"},"modified":"2018-12-10T10:05:33","modified_gmt":"2018-12-10T13:05:33","slug":"adriano-galdino-parabeniza-pocinhos-e-areial-pelo-aniversario-de-emancipacao-politica","status":"publish","type":"post","link":"https:\/\/www.caririemacao.com\/1\/2018\/12\/10\/adriano-galdino-parabeniza-pocinhos-e-areial-pelo-aniversario-de-emancipacao-politica\/","title":{"rendered":"Adriano Galdino parabeniza Pocinhos e Areial pelo anivers\u00e1rio de emancipa\u00e7\u00e3o pol\u00edtica"},"content":{"rendered":"<p style=\"font-weight: 400;\">O deputado estadual reeleito, Adriano Galdino (PSB) parabeniza os munic\u00edpios de Pocinhos pelos 65 anos de emancipa\u00e7\u00e3o pol\u00edtica e Areial pelos 57 anos, nesta segunda-feira (10). As duas cidades s\u00e3o bastante queridas do deputado, sendo uma delas o lugar onde deu os primeiros passos e tem como ponto de refer\u00eancia familiar e tamb\u00e9m de morada, apesar de n\u00e3o possuir resid\u00eancia fixa em fun\u00e7\u00e3o das atividades pol\u00edtica.<\/p>\n<p style=\"font-weight: 400;\">De acordo com Adriano as duas cidades possuem uma grande import\u00e2ncia para a regi\u00e3o. Ele destacou a atua\u00e7\u00e3o do prefeito Adelson Benjamin e disse que no seu mandato na Assembleia Legislativa continuar\u00e1 lutando pelas cidade. \u201cAreial \u00e9 uma cidade de um povo lutador, inteligente e hospitaleiro, um lugar que merece nosso respeito e aten\u00e7\u00e3o e que hoje mais uma vez parabenizo com satisfa\u00e7\u00e3o\u201d.<\/p>\n<p style=\"font-weight: 400;\">Ao parabenizar Pocinhos o deputado foi mais fez lembrou-se de suas mem\u00f3rias afetivas atraves da sua trajet\u00f3ria pol\u00edtica, iniciada como candidato a vereador no munic\u00edpio, \u00e9poca em que era funcion\u00e1rio do Banco do Brasil e trabalhava na Constru\u00e7\u00e3o Civi e quatro anos depois assumiu a Prefeitura de Pocinhos, uma \u00e9poca de seca e que n\u00e3o havia benef\u00edcios sociais e as pessoas precisavam ainda mais de assist\u00eancia.<\/p>\n<p style=\"font-weight: 400;\">Depois ele elegeu seu sucessor e depois voltou \u00e0 Prefeitura com uma vota\u00e7\u00e3o expressiva, tendo realizado v\u00e1rias obras estruturantes, a exemplo da reforma da Pra\u00e7a Get\u00falio Vargas e da implanta\u00e7\u00e3o do sistema de ilumina\u00e7\u00e3o p\u00fablica na zona rural do munic\u00edpio.<\/p>\n<p style=\"font-weight: 400;\">Ap\u00f3s os sucessivos mandatos \u00e0 frente da Prefeitura, Adriano candidatou-se \u00e0 deputado estadual e dentro da grande vota\u00e7\u00e3o obtida para um iniciante na disputa pela Assembleia, novamente o povo de Pocinhos apoio sua candidatura. \u201cMinha hist\u00f3ria familiar, a constru\u00e7\u00e3o dos sonhos e realiza\u00e7\u00e3o deles, o que foi e sou tem como base e prioridade Pocinhos \u00e9 neste dia 10 de dezembro eu parabenizo a cada um dos seus moradores. Parab\u00e9ns a esta cidade forte que \u00e9 Pocinhos e vamos continuar lutando na Assembl\u00e9ia para que seus moradores possam ter maiores e mais justas condi\u00e7\u00f5es de vida\u201d<\/p>\n<p style=\"font-weight: 400;\">Comemorada oficialmente nesta segunda (10), a programa\u00e7\u00e3o de anivers\u00e1rio de Pocinhos inclui eventos religiosos, educacionais, culturais e shows, iniciados na segunda quinzena de novembro e que hoje ser\u00e1 encerrada com alvorada, hasteamento de bandeira, atividades comemorativas e a apresenta\u00e7\u00e3o de shows no P\u00e1tio da Igreja Matriz.<\/p>\n","protected":false},"excerpt":{"rendered":"<p>O deputado estadual reeleito, Adriano Galdino (PSB) parabeniza os munic\u00edpios de Pocinhos pelos 65 anos de emancipa\u00e7\u00e3o pol\u00edtica e Areial pelos 57 anos, nesta segunda-feira&hellip; <\/p>\n","protected":false},"author":1,"featured_media":54261,"comment_status":"closed","ping_status":"closed","sticky":false,"template":"","format":"standard","meta":{"sfsi_plus_gutenberg_text_before_share":"","sfsi_plus_gutenberg_show_text_before_share":"","sfsi_plus_gutenberg_icon_type":"","sfsi_plus_gutenberg_icon_alignemt":"","sfsi_plus_gutenburg_max_per_row":"","footnotes":""},"categories":[11],"tags":[],"class_list":["post-76039","post","type-post","status-publish","format-standard","has-post-thumbnail","hentry","category-politica"],"_links":{"self":[{"href":"https:\/\/www.caririemacao.com\/1\/wp-json\/wp\/v2\/posts\/76039","targetHints":{"allow":["GET"]}}],"collection":[{"href":"https:\/\/www.caririemacao.com\/1\/wp-json\/wp\/v2\/posts"}],"about":[{"href":"https:\/\/www.caririemacao.com\/1\/wp-json\/wp\/v2\/types\/post"}],"author":[{"embeddable":true,"href":"https:\/\/www.caririemacao.com\/1\/wp-json\/wp\/v2\/users\/1"}],"replies":[{"embeddable":true,"href":"https:\/\/www.caririemacao.com\/1\/wp-json\/wp\/v2\/comments?post=76039"}],"version-history":[{"count":1,"href":"https:\/\/www.caririemacao.com\/1\/wp-json\/wp\/v2\/posts\/76039\/revisions"}],"predecessor-version":[{"id":76040,"href":"https:\/\/www.caririemacao.com\/1\/wp-json\/wp\/v2\/posts\/76039\/revisions\/76040"}],"wp:featuredmedia":[{"embeddable":true,"href":"https:\/\/www.caririemacao.com\/1\/wp-json\/wp\/v2\/media\/54261"}],"wp:attachment":[{"href":"https:\/\/www.caririemacao.com\/1\/wp-json\/wp\/v2\/media?parent=76039"}],"wp:term":[{"taxonomy":"category","embeddable":true,"href":"https:\/\/www.caririemacao.com\/1\/wp-json\/wp\/v2\/categories?post=76039"},{"taxonomy":"post_tag","embeddable":true,"href":"https:\/\/www.caririemacao.com\/1\/wp-json\/wp\/v2\/tags?post=76039"}],"curies":[{"name":"wp","href":"https:\/\/api.w.org\/{rel}","templated":true}]}}